{"id":6867,"date":"2023-04-20T06:24:33","date_gmt":"2023-04-20T09:24:33","guid":{"rendered":"https:\/\/blogs.correiobraziliense.com.br\/lianasabo\/?p=6867"},"modified":"2023-04-19T21:55:06","modified_gmt":"2023-04-20T00:55:06","slug":"restaurantes-terao-pratos-especiais-para-o-aniversario-de-brasilia","status":"publish","type":"post","link":"https:\/\/blogs.correiobraziliense.com.br\/lianasabo\/restaurantes-terao-pratos-especiais-para-o-aniversario-de-brasilia\/","title":{"rendered":"Restaurantes ter\u00e3o pratos especiais para o anivers\u00e1rio de Bras\u00edlia"},"content":{"rendered":"<p>Prestes a completar 63 anos, Bras\u00edlia vive um dos melhores momentos quando o assunto \u00e9 gastronomia. Nessas mais de seis d\u00e9cadas, a cidade criou um sabor pr\u00f3prio que representa a pluralidade brasileira que forjou a cultura candanga.<\/p>\n<p>\u201cNem s\u00f3 de monumentos e pol\u00edtica vive a capital do Brasil. As ruas planas e arborizadas tamb\u00e9m s\u00e3o endere\u00e7os de restaurantes cada vez mais diversos culturalmente, gra\u00e7as a influ\u00eancia que a capital do Brasil recebe, n\u00e3o s\u00f3 de outros estados, mas de outros pa\u00edses&#8221;, afirma o presidente da Associa\u00e7\u00e3o Brasileira de Bares e Restaurantes em Bras\u00edlia (Abrasel-DF), Beto Pinheiro.<\/p>\n<p>Para comemorar o anivers\u00e1rio da cidade, o <strong>Blog da Liana<\/strong> destaca os estabelecimentos que celebrar\u00e3o \u00e0 data com homenagens e menus especiais.<\/p>\n<figure id=\"attachment_6868\" aria-describedby=\"caption-attachment-6868\" style=\"width: 800px\" class=\"wp-caption aligncenter\"><a href=\"https:\/\/blogs.correiobraziliense.com.br\/lianasabo\/wp-content\/uploads\/sites\/25\/2023\/04\/Picanha-Dom-Francisco.jpeg\"><img loading=\"lazy\" decoding=\"async\" class=\"size-full wp-image-6868\" src=\"https:\/\/blogs.correiobraziliense.com.br\/lianasabo\/wp-content\/uploads\/sites\/25\/2023\/04\/Picanha-Dom-Francisco.jpeg\" alt=\"\" width=\"800\" height=\"600\" srcset=\"https:\/\/blogs.correiobraziliense.com.br\/lianasabo\/wp-content\/uploads\/sites\/25\/2023\/04\/Picanha-Dom-Francisco.jpeg 800w, https:\/\/blogs.correiobraziliense.com.br\/lianasabo\/wp-content\/uploads\/sites\/25\/2023\/04\/Picanha-Dom-Francisco-300x225.jpeg 300w, https:\/\/blogs.correiobraziliense.com.br\/lianasabo\/wp-content\/uploads\/sites\/25\/2023\/04\/Picanha-Dom-Francisco-768x576.jpeg 768w, https:\/\/blogs.correiobraziliense.com.br\/lianasabo\/wp-content\/uploads\/sites\/25\/2023\/04\/Picanha-Dom-Francisco-550x413.jpeg 550w, https:\/\/blogs.correiobraziliense.com.br\/lianasabo\/wp-content\/uploads\/sites\/25\/2023\/04\/Picanha-Dom-Francisco-230x173.jpeg 230w\" sizes=\"auto, (max-width: 800px) 100vw, 800px\" \/><\/a><figcaption id=\"caption-attachment-6868\" class=\"wp-caption-text\">Cr\u00e9dito: Dom Francisco\/Divulga\u00e7\u00e3o<\/figcaption><\/figure>\n<p>Tradicional restaurante da cidade, o Dom Francisco (402 Sul e Asbac) recomenda um prato cl\u00e1ssico da casa: a picanha para duas pessoas, acompanhada de farofa de ovos. Por R$ 282 ser\u00e1 servida no almo\u00e7o e no jantar no dia do anivers\u00e1rio. Al\u00e9m disso, o prato ic\u00f4nico ganha uma releitura do Superquadra Bar no Festival Viva Bras\u00edlia, no Man\u00e9 Mercado.<\/p>\n<p>No Dudu Bar (303 Sul), o chef celebra a diversidade gastron\u00f4mica do Brasil com o tempero do Centro-Oeste na moqueca de pato (pato no molho da moqueca, farofa de cocada, arroz do sul &#8211; arroz de camar\u00e3o, polvo, frutas frescas, raspas de lim\u00e3o Siciliano e baru dourado &#8211; R$ 149,90). A iguaria ser\u00e1 oferecida nos dias 21 e 22 no almo\u00e7o e no jantar, e 23 apenas no almo\u00e7o.<\/p>\n<p>Os sabores de outras regi\u00f5es inspira o prato do Sant\u00e9 Lago (SCES, Tc. 2 &#8211; Orla da Ponte JK). A casa apresenta o nhoque de mare, com camar\u00f5es salteados na manteiga de ervas ao molho duas mostardas, tomatinhos confitados e manjeric\u00e3o (R$ 86).<\/p>\n<p>No Bla\u2019s Cozinha de Culturas (406 Norte, Bloco D; 3879-3430), os ingredientes do Cerrado aparecem na receita do baby beef (R$ 63) preparado ao demi glace de tamarindo com arroz de castanha de baru e legumes da horta na brasa. O prato fica dispon\u00edvel de sexta-feira (21) a domingo (23).<\/p>\n<figure id=\"attachment_6869\" aria-describedby=\"caption-attachment-6869\" style=\"width: 800px\" class=\"wp-caption aligncenter\"><a href=\"https:\/\/blogs.correiobraziliense.com.br\/lianasabo\/wp-content\/uploads\/sites\/25\/2023\/04\/unnamed-1.jpg\"><img loading=\"lazy\" decoding=\"async\" class=\"size-full wp-image-6869\" src=\"https:\/\/blogs.correiobraziliense.com.br\/lianasabo\/wp-content\/uploads\/sites\/25\/2023\/04\/unnamed-1.jpg\" alt=\"\" width=\"800\" height=\"533\" srcset=\"https:\/\/blogs.correiobraziliense.com.br\/lianasabo\/wp-content\/uploads\/sites\/25\/2023\/04\/unnamed-1.jpg 800w, https:\/\/blogs.correiobraziliense.com.br\/lianasabo\/wp-content\/uploads\/sites\/25\/2023\/04\/unnamed-1-300x200.jpg 300w, https:\/\/blogs.correiobraziliense.com.br\/lianasabo\/wp-content\/uploads\/sites\/25\/2023\/04\/unnamed-1-768x512.jpg 768w, https:\/\/blogs.correiobraziliense.com.br\/lianasabo\/wp-content\/uploads\/sites\/25\/2023\/04\/unnamed-1-550x366.jpg 550w, https:\/\/blogs.correiobraziliense.com.br\/lianasabo\/wp-content\/uploads\/sites\/25\/2023\/04\/unnamed-1-230x153.jpg 230w\" sizes=\"auto, (max-width: 800px) 100vw, 800px\" \/><\/a><figcaption id=\"caption-attachment-6869\" class=\"wp-caption-text\">Cr\u00e9dito: Graciliano Candido\/Divulga\u00e7\u00e3o<\/figcaption><\/figure>\n<p>Baby beef tamb\u00e9m foi a escolha do restaurante Figueira La Parrilla (Rua Emul Press, Lote 2, Vila Planalto; 3081-0541) para homenagear Bras\u00edlia. A receita do chef Lucas Matheus apresenta a prote\u00edna acompanhada de arroz branco, batata palito e vinagrete (R$ 239,90, serve at\u00e9 4 pessoas).<\/p>\n<p>J\u00e1 o Xamam Restaurante e Charcutaria (210 Sul, Bloco B) preparou uma costela de tambaqui defumada servida com risoto de lim\u00e3o siciliano (R$ 69), receita do mestre charcuteiro e chef Alexandre Freitas.<\/p>\n<figure id=\"attachment_6870\" aria-describedby=\"caption-attachment-6870\" style=\"width: 684px\" class=\"wp-caption aligncenter\"><a href=\"https:\/\/blogs.correiobraziliense.com.br\/lianasabo\/wp-content\/uploads\/sites\/25\/2023\/04\/Taberna-Lusitana.jpeg\"><img loading=\"lazy\" decoding=\"async\" class=\"size-full wp-image-6870\" src=\"https:\/\/blogs.correiobraziliense.com.br\/lianasabo\/wp-content\/uploads\/sites\/25\/2023\/04\/Taberna-Lusitana.jpeg\" alt=\"\" width=\"684\" height=\"637\" srcset=\"https:\/\/blogs.correiobraziliense.com.br\/lianasabo\/wp-content\/uploads\/sites\/25\/2023\/04\/Taberna-Lusitana.jpeg 684w, https:\/\/blogs.correiobraziliense.com.br\/lianasabo\/wp-content\/uploads\/sites\/25\/2023\/04\/Taberna-Lusitana-300x279.jpeg 300w, https:\/\/blogs.correiobraziliense.com.br\/lianasabo\/wp-content\/uploads\/sites\/25\/2023\/04\/Taberna-Lusitana-550x512.jpeg 550w, https:\/\/blogs.correiobraziliense.com.br\/lianasabo\/wp-content\/uploads\/sites\/25\/2023\/04\/Taberna-Lusitana-230x214.jpeg 230w\" sizes=\"auto, (max-width: 684px) 100vw, 684px\" \/><\/a><figcaption id=\"caption-attachment-6870\" class=\"wp-caption-text\">Cr\u00e9dito: Taberna Lusitana\/Divulga\u00e7\u00e3o<\/figcaption><\/figure>\n<p>A Taberna Lusitana (R$ 412 Sul, Bloco C) tamb\u00e9m escolhe pescado para a homenagem, com brandade de bacalhau com migas (emuls\u00e3o de bacalhau, azeite e batatas acompanhado de migas pode, uma farofa de p\u00e3o alentejano produzido na casa). O prato, que custa R$ 138, ser\u00e1 servido especialmente com reserva no dia 21. Informa\u00e7\u00f5es: 98123-6353.<\/p>\n<figure id=\"attachment_6871\" aria-describedby=\"caption-attachment-6871\" style=\"width: 791px\" class=\"wp-caption aligncenter\"><a href=\"https:\/\/blogs.correiobraziliense.com.br\/lianasabo\/wp-content\/uploads\/sites\/25\/2023\/04\/A\u00e7a\u00ed-Pur\u00edssimo-Crem\u00edssimo-Foto_-Davi-Fernandes-1-2-1-1.jpg\"><img loading=\"lazy\" decoding=\"async\" class=\"size-full wp-image-6871\" src=\"https:\/\/blogs.correiobraziliense.com.br\/lianasabo\/wp-content\/uploads\/sites\/25\/2023\/04\/A\u00e7a\u00ed-Pur\u00edssimo-Crem\u00edssimo-Foto_-Davi-Fernandes-1-2-1-1.jpg\" alt=\"\" width=\"791\" height=\"762\" srcset=\"https:\/\/blogs.correiobraziliense.com.br\/lianasabo\/wp-content\/uploads\/sites\/25\/2023\/04\/A\u00e7a\u00ed-Pur\u00edssimo-Crem\u00edssimo-Foto_-Davi-Fernandes-1-2-1-1.jpg 791w, https:\/\/blogs.correiobraziliense.com.br\/lianasabo\/wp-content\/uploads\/sites\/25\/2023\/04\/A\u00e7a\u00ed-Pur\u00edssimo-Crem\u00edssimo-Foto_-Davi-Fernandes-1-2-1-1-300x289.jpg 300w, https:\/\/blogs.correiobraziliense.com.br\/lianasabo\/wp-content\/uploads\/sites\/25\/2023\/04\/A\u00e7a\u00ed-Pur\u00edssimo-Crem\u00edssimo-Foto_-Davi-Fernandes-1-2-1-1-768x740.jpg 768w, https:\/\/blogs.correiobraziliense.com.br\/lianasabo\/wp-content\/uploads\/sites\/25\/2023\/04\/A\u00e7a\u00ed-Pur\u00edssimo-Crem\u00edssimo-Foto_-Davi-Fernandes-1-2-1-1-550x530.jpg 550w, https:\/\/blogs.correiobraziliense.com.br\/lianasabo\/wp-content\/uploads\/sites\/25\/2023\/04\/A\u00e7a\u00ed-Pur\u00edssimo-Crem\u00edssimo-Foto_-Davi-Fernandes-1-2-1-1-230x222.jpg 230w\" sizes=\"auto, (max-width: 791px) 100vw, 791px\" \/><\/a><figcaption id=\"caption-attachment-6871\" class=\"wp-caption-text\">Cr\u00e9dito: Davi Fernandes\/Divulga\u00e7\u00e3o<\/figcaption><\/figure>\n<p>Marca genuinamente brasiliense, a rede A\u00e7a\u00ed Pur\u00edssimo aposta no Crem\u00edssimo (R$ 23,90 &#8211; 300ml), creme de frutas batido com \u00e1gua (cupua\u00e7u, maracuj\u00e1 ou morango) ou com leite (chocolate 70%, ninho e pa\u00e7oquita). Na sexta-feira (21), os pedidos podem ser feitos, exclusivamente, pelo aplicativo do Ifood, nas 13 unidades: 406\/407 Norte, 310 Norte, 103 Sul, 113 Sul, 103 Sudoeste, \u00c1guas Claras, Sobradinho, Noroeste, Taguatinga, Samambaia, Guar\u00e1, Gama e Lago Norte CA 07 e Jardim Bot\u00e2nico.<\/p>\n<p>A Bent\u00f4 Kids (408 Norte, Bloco A) criou um kit especial com cookies que celebram s\u00edmbolos da arquitetura moderna de Bras\u00edlia. O primeiro kit batizado de Biscoito de queijo Bras\u00edlia (R$ 27) traz 10 unidades em formatos de pontos tur\u00edsticos, como a Catedral e os azulejos de Athos Bulc\u00e3o. Eles s\u00e3o enriquecidos com a\u00e7afr\u00e3o e leva polvilho doce, queijo meia cura, queijo mu\u00e7arela, ovos, leite, \u00f3leo vegetal, sal.<\/p>\n","protected":false},"excerpt":{"rendered":"<p>Prestes a completar 63 anos, Bras\u00edlia vive um dos melhores momentos quando o assunto \u00e9 gastronomia. Nessas mais de seis d\u00e9cadas, a cidade criou um sabor pr\u00f3prio que representa a pluralidade brasileira que forjou a cultura candanga. \u201cNem s\u00f3 de monumentos e pol\u00edtica vive a capital do Brasil. As ruas planas e arborizadas tamb\u00e9m s\u00e3o endere\u00e7os de restaurantes cada vez [&hellip;]<\/p>\n","protected":false},"author":54,"featured_media":6872,"comment_status":"open","ping_status":"open","sticky":false,"template":"","format":"standard","meta":{"footnotes":""},"categories":[1],"tags":[94],"class_list":["post-6867","post","type-post","status-publish","format-standard","has-post-thumbnail","hentry","category-sem-categoria","tag-aniversario-de-brasilia"],"_links":{"self":[{"href":"https:\/\/blogs.correiobraziliense.com.br\/lianasabo\/wp-json\/wp\/v2\/posts\/6867","targetHints":{"allow":["GET"]}}],"collection":[{"href":"https:\/\/blogs.correiobraziliense.com.br\/lianasabo\/wp-json\/wp\/v2\/posts"}],"about":[{"href":"https:\/\/blogs.correiobraziliense.com.br\/lianasabo\/wp-json\/wp\/v2\/types\/post"}],"author":[{"embeddable":true,"href":"https:\/\/blogs.correiobraziliense.com.br\/lianasabo\/wp-json\/wp\/v2\/users\/54"}],"replies":[{"embeddable":true,"href":"https:\/\/blogs.correiobraziliense.com.br\/lianasabo\/wp-json\/wp\/v2\/comments?post=6867"}],"version-history":[{"count":1,"href":"https:\/\/blogs.correiobraziliense.com.br\/lianasabo\/wp-json\/wp\/v2\/posts\/6867\/revisions"}],"predecessor-version":[{"id":6873,"href":"https:\/\/blogs.correiobraziliense.com.br\/lianasabo\/wp-json\/wp\/v2\/posts\/6867\/revisions\/6873"}],"wp:featuredmedia":[{"embeddable":true,"href":"https:\/\/blogs.correiobraziliense.com.br\/lianasabo\/wp-json\/wp\/v2\/media\/6872"}],"wp:attachment":[{"href":"https:\/\/blogs.correiobraziliense.com.br\/lianasabo\/wp-json\/wp\/v2\/media?parent=6867"}],"wp:term":[{"taxonomy":"category","embeddable":true,"href":"https:\/\/blogs.correiobraziliense.com.br\/lianasabo\/wp-json\/wp\/v2\/categories?post=6867"},{"taxonomy":"post_tag","embeddable":true,"href":"https:\/\/blogs.correiobraziliense.com.br\/lianasabo\/wp-json\/wp\/v2\/tags?post=6867"}],"curies":[{"name":"wp","href":"https:\/\/api.w.org\/{rel}","templated":true}]}}