{"id":6851,"date":"2023-04-14T07:16:58","date_gmt":"2023-04-14T10:16:58","guid":{"rendered":"https:\/\/blogs.correiobraziliense.com.br\/lianasabo\/?p=6851"},"modified":"2023-04-14T07:16:58","modified_gmt":"2023-04-14T10:16:58","slug":"veja-como-apreciar-a-cultura-e-a-culinaria-argentina-em-brasilia","status":"publish","type":"post","link":"https:\/\/blogs.correiobraziliense.com.br\/lianasabo\/veja-como-apreciar-a-cultura-e-a-culinaria-argentina-em-brasilia\/","title":{"rendered":"Veja como apreciar a cultura e a culin\u00e1ria argentina em Bras\u00edlia"},"content":{"rendered":"<p>O fasc\u00ednio do brasiliense pelo ritmo argentino est\u00e1 presente neste m\u00eas de abril. Hoje (14\/4) mesmo voc\u00ea poder\u00e1 n\u00e3o s\u00f3 dan\u00e7ar mas curtir muito o tango apresentado por um casal de bailarinos, que veio de Buenos Aires para mais um show intitulado Milonga al Comp\u00e1s del Coraz\u00f3n. Gustavo Russo e Florencia Lucano se exibem a partir das 20h na Osteria Vicenza do chef restaurateur Edilson Oliveira. Fica no t\u00e9rreo do Brasil 21. Ingressos por R$ 45 s\u00f3 com reservas: 99426-5350.<\/p>\n<p><a href=\"https:\/\/blogs.correiobraziliense.com.br\/lianasabo\/wp-content\/uploads\/sites\/25\/2023\/04\/WhatsApp-Image-2023-04-14-at-07.13.48.jpeg\"><img loading=\"lazy\" decoding=\"async\" class=\"aligncenter size-full wp-image-6852\" src=\"https:\/\/blogs.correiobraziliense.com.br\/lianasabo\/wp-content\/uploads\/sites\/25\/2023\/04\/WhatsApp-Image-2023-04-14-at-07.13.48.jpeg\" alt=\"\" width=\"800\" height=\"449\" srcset=\"https:\/\/blogs.correiobraziliense.com.br\/lianasabo\/wp-content\/uploads\/sites\/25\/2023\/04\/WhatsApp-Image-2023-04-14-at-07.13.48.jpeg 800w, https:\/\/blogs.correiobraziliense.com.br\/lianasabo\/wp-content\/uploads\/sites\/25\/2023\/04\/WhatsApp-Image-2023-04-14-at-07.13.48-300x168.jpeg 300w, https:\/\/blogs.correiobraziliense.com.br\/lianasabo\/wp-content\/uploads\/sites\/25\/2023\/04\/WhatsApp-Image-2023-04-14-at-07.13.48-768x431.jpeg 768w, https:\/\/blogs.correiobraziliense.com.br\/lianasabo\/wp-content\/uploads\/sites\/25\/2023\/04\/WhatsApp-Image-2023-04-14-at-07.13.48-550x309.jpeg 550w, https:\/\/blogs.correiobraziliense.com.br\/lianasabo\/wp-content\/uploads\/sites\/25\/2023\/04\/WhatsApp-Image-2023-04-14-at-07.13.48-230x129.jpeg 230w\" sizes=\"auto, (max-width: 800px) 100vw, 800px\" \/><\/a><\/p>\n<p>Outro show de tango est\u00e1 previsto para amanh\u00e3, mas como n\u00e3o tem mais vaga, o chef e empres\u00e1rio argentino Gustavo Mariasis agendou para o \u00faltimo s\u00e1bado de abril, 29, \u00e0s 13h, apresenta\u00e7\u00e3o do casal Miskiewiez em parceria com o Corpo de Baile de Tango de Bras\u00edlia, acompanhado pelo bandoneonista Javier Ruax, durante almo\u00e7o no La Porte\u00f1a, 404 Norte, Bloco C Loja 70. O card\u00e1pio come\u00e7a com empanadas argentinas das quais Mariasis \u00e9 pioneiro na cidade, segue no principal feito na parrilla, tanto as costelinhas su\u00ednas como frango e lingui\u00e7a, al\u00e9m de piment\u00e3o e ab\u00f3bora. Acompanham a parrillada batatas fritas e salada. De sobremesa, panqueca com doce de leite por R$ 80 mais o couvert art\u00edstico de R$ 15 por pessoa. Reservas pelo telefone 3326-0221 (whatsapp).<\/p>\n","protected":false},"excerpt":{"rendered":"<p>O fasc\u00ednio do brasiliense pelo ritmo argentino est\u00e1 presente neste m\u00eas de abril. Hoje (14\/4) mesmo voc\u00ea poder\u00e1 n\u00e3o s\u00f3 dan\u00e7ar mas curtir muito o tango apresentado por um casal de bailarinos, que veio de Buenos Aires para mais um show intitulado Milonga al Comp\u00e1s del Coraz\u00f3n. Gustavo Russo e Florencia Lucano se exibem a partir das 20h na Osteria [&hellip;]<\/p>\n","protected":false},"author":54,"featured_media":0,"comment_status":"open","ping_status":"open","sticky":false,"template":"","format":"standard","meta":{"footnotes":""},"categories":[486],"tags":[742],"class_list":["post-6851","post","type-post","status-publish","format-standard","hentry","category-evento","tag-culinaria-argentina"],"_links":{"self":[{"href":"https:\/\/blogs.correiobraziliense.com.br\/lianasabo\/wp-json\/wp\/v2\/posts\/6851","targetHints":{"allow":["GET"]}}],"collection":[{"href":"https:\/\/blogs.correiobraziliense.com.br\/lianasabo\/wp-json\/wp\/v2\/posts"}],"about":[{"href":"https:\/\/blogs.correiobraziliense.com.br\/lianasabo\/wp-json\/wp\/v2\/types\/post"}],"author":[{"embeddable":true,"href":"https:\/\/blogs.correiobraziliense.com.br\/lianasabo\/wp-json\/wp\/v2\/users\/54"}],"replies":[{"embeddable":true,"href":"https:\/\/blogs.correiobraziliense.com.br\/lianasabo\/wp-json\/wp\/v2\/comments?post=6851"}],"version-history":[{"count":1,"href":"https:\/\/blogs.correiobraziliense.com.br\/lianasabo\/wp-json\/wp\/v2\/posts\/6851\/revisions"}],"predecessor-version":[{"id":6854,"href":"https:\/\/blogs.correiobraziliense.com.br\/lianasabo\/wp-json\/wp\/v2\/posts\/6851\/revisions\/6854"}],"wp:attachment":[{"href":"https:\/\/blogs.correiobraziliense.com.br\/lianasabo\/wp-json\/wp\/v2\/media?parent=6851"}],"wp:term":[{"taxonomy":"category","embeddable":true,"href":"https:\/\/blogs.correiobraziliense.com.br\/lianasabo\/wp-json\/wp\/v2\/categories?post=6851"},{"taxonomy":"post_tag","embeddable":true,"href":"https:\/\/blogs.correiobraziliense.com.br\/lianasabo\/wp-json\/wp\/v2\/tags?post=6851"}],"curies":[{"name":"wp","href":"https:\/\/api.w.org\/{rel}","templated":true}]}}