{"id":685,"date":"2016-11-18T07:40:08","date_gmt":"2016-11-18T09:40:08","guid":{"rendered":"https:\/\/blogs.correiobraziliense.com.br\/lianasabo\/?p=685"},"modified":"2016-11-17T18:27:09","modified_gmt":"2016-11-17T20:27:09","slug":"pannetteria-doliva-ganha-bistro","status":"publish","type":"post","link":"https:\/\/blogs.correiobraziliense.com.br\/lianasabo\/pannetteria-doliva-ganha-bistro\/","title":{"rendered":"Pannetteria D&#8217;Oliva ganha bistr\u00f4"},"content":{"rendered":"<p>Mais um bom motivo para comprar o p\u00e3o artesanal na Pannetteria D&#8217;Oliva em \u00c1guas Claras: o chef boulanger Felipe Oliveira acaba de incorporar \u00e0 loja (Rua das Figueiras Lote 2\/4) um caf\u00e9 e um bistr\u00f4. No primeiro, a partir das 9h, voc\u00ea poder\u00e1 fazer o seu desjejum com ovos mexidos nas op\u00e7\u00f5es simples (<b>R$ 8<\/b>); com queijo meia cura e bacon opcional (<b>R$ 10<\/b>); ou ainda com cogumelos (<b>R$ 13<\/b>). Eles podem vir acompanhados de cestinha de baguete a <b>R$ 3<\/b>. A linha de frios traz queijo da Serra da Canastra, geleia de cebola com vinho e chutney de pimenta ou embutidos com chutney de pimenta e mostarda em gr\u00e3os. Cada uma sai a <b>R$ 35<\/b>.<\/p>\n<p>Caf\u00e9s especiais, como da regi\u00e3o paulista de Mogiana, completam o menu, que ainda inclui sandu\u00edches, como o tramezzino, feito de p\u00e3o branco sem casca na forma triangular criado em Turim, e vem no p\u00e3o de miga ou integral com recheios de queijo de b\u00fafala, r\u00facula, pesto de manjeric\u00e3o e tomate (<b>R$ 15<\/b>); presunto de parma com figo, parmes\u00e3o, alface e bals\u00e2mico (<b>R$ 23<\/b>) e caponata com berinjela, abobrinha, cebola, piment\u00e3o e pesto de ervas (<b>R$ 22<\/b>).<\/p>\n<p>&nbsp;<\/p>\n<figure id=\"attachment_687\" aria-describedby=\"caption-attachment-687\" style=\"width: 300px\" class=\"wp-caption aligncenter\"><a href=\"https:\/\/blogs.correiobraziliense.com.br\/lianasabo\/wp-content\/uploads\/sites\/25\/2016\/11\/CBNFOT151120162674.jpg\" rel=\"attachment wp-att-687\"><img loading=\"lazy\" decoding=\"async\" class=\"wp-image-687 size-medium\" src=\"https:\/\/blogs.correiobraziliense.com.br\/lianasabo\/wp-content\/uploads\/sites\/25\/2016\/11\/CBNFOT151120162674-300x200.jpg\" alt=\"CBNFOT151120162674\" width=\"300\" height=\"200\" srcset=\"https:\/\/blogs.correiobraziliense.com.br\/lianasabo\/wp-content\/uploads\/sites\/25\/2016\/11\/CBNFOT151120162674-300x200.jpg 300w, https:\/\/blogs.correiobraziliense.com.br\/lianasabo\/wp-content\/uploads\/sites\/25\/2016\/11\/CBNFOT151120162674-768x512.jpg 768w, https:\/\/blogs.correiobraziliense.com.br\/lianasabo\/wp-content\/uploads\/sites\/25\/2016\/11\/CBNFOT151120162674-550x366.jpg 550w, https:\/\/blogs.correiobraziliense.com.br\/lianasabo\/wp-content\/uploads\/sites\/25\/2016\/11\/CBNFOT151120162674-230x153.jpg 230w, https:\/\/blogs.correiobraziliense.com.br\/lianasabo\/wp-content\/uploads\/sites\/25\/2016\/11\/CBNFOT151120162674.jpg 800w\" sizes=\"auto, (max-width: 300px) 100vw, 300px\" \/><\/a><figcaption id=\"caption-attachment-687\" class=\"wp-caption-text\">espaguete \u00e0 putanesca<\/figcaption><\/figure>\n<p>J\u00e1 o bistr\u00f4 oferece enxuto menu com duas massas (espaguete \u00e0 putanesca e tagliatelle ao molho branco) e dois risotos (vinho tinto e maminha ao forno e primavera na op\u00e7\u00e3o vegetariana). Os pre\u00e7os variam de <b>R$ 29<\/b> a <b>R$ 35<\/b>. Sobremesas, como tiramis\u00f9, est\u00e3o presentes. Funciona de segunda a s\u00e1bado, das 9h \u00e0s 22h. Telefone: 3083-8214.<\/p>\n","protected":false},"excerpt":{"rendered":"<p>Mais um bom motivo para comprar o p\u00e3o artesanal na Pannetteria D&#8217;Oliva em \u00c1guas Claras: o chef boulanger Felipe Oliveira acaba de incorporar \u00e0 loja (Rua das Figueiras Lote 2\/4) um caf\u00e9 e um bistr\u00f4. No primeiro, a partir das 9h, voc\u00ea poder\u00e1 fazer o seu desjejum com ovos mexidos nas op\u00e7\u00f5es simples (R$ 8); com queijo meia cura e [&hellip;]<\/p>\n","protected":false},"author":54,"featured_media":686,"comment_status":"open","ping_status":"open","sticky":false,"template":"","format":"standard","meta":{"footnotes":""},"categories":[1],"tags":[],"class_list":["post-685","post","type-post","status-publish","format-standard","has-post-thumbnail","hentry","category-sem-categoria"],"_links":{"self":[{"href":"https:\/\/blogs.correiobraziliense.com.br\/lianasabo\/wp-json\/wp\/v2\/posts\/685","targetHints":{"allow":["GET"]}}],"collection":[{"href":"https:\/\/blogs.correiobraziliense.com.br\/lianasabo\/wp-json\/wp\/v2\/posts"}],"about":[{"href":"https:\/\/blogs.correiobraziliense.com.br\/lianasabo\/wp-json\/wp\/v2\/types\/post"}],"author":[{"embeddable":true,"href":"https:\/\/blogs.correiobraziliense.com.br\/lianasabo\/wp-json\/wp\/v2\/users\/54"}],"replies":[{"embeddable":true,"href":"https:\/\/blogs.correiobraziliense.com.br\/lianasabo\/wp-json\/wp\/v2\/comments?post=685"}],"version-history":[{"count":1,"href":"https:\/\/blogs.correiobraziliense.com.br\/lianasabo\/wp-json\/wp\/v2\/posts\/685\/revisions"}],"predecessor-version":[{"id":688,"href":"https:\/\/blogs.correiobraziliense.com.br\/lianasabo\/wp-json\/wp\/v2\/posts\/685\/revisions\/688"}],"wp:featuredmedia":[{"embeddable":true,"href":"https:\/\/blogs.correiobraziliense.com.br\/lianasabo\/wp-json\/wp\/v2\/media\/686"}],"wp:attachment":[{"href":"https:\/\/blogs.correiobraziliense.com.br\/lianasabo\/wp-json\/wp\/v2\/media?parent=685"}],"wp:term":[{"taxonomy":"category","embeddable":true,"href":"https:\/\/blogs.correiobraziliense.com.br\/lianasabo\/wp-json\/wp\/v2\/categories?post=685"},{"taxonomy":"post_tag","embeddable":true,"href":"https:\/\/blogs.correiobraziliense.com.br\/lianasabo\/wp-json\/wp\/v2\/tags?post=685"}],"curies":[{"name":"wp","href":"https:\/\/api.w.org\/{rel}","templated":true}]}}