{"id":6839,"date":"2023-04-07T06:44:29","date_gmt":"2023-04-07T09:44:29","guid":{"rendered":"https:\/\/blogs.correiobraziliense.com.br\/lianasabo\/?p=6839"},"modified":"2023-04-06T21:56:42","modified_gmt":"2023-04-07T00:56:42","slug":"confira-as-variedades-de-ovos-de-pascoa-da-lindt","status":"publish","type":"post","link":"https:\/\/blogs.correiobraziliense.com.br\/lianasabo\/confira-as-variedades-de-ovos-de-pascoa-da-lindt\/","title":{"rendered":"Confira as variedades de ovos de P\u00e1scoa da Lindt"},"content":{"rendered":"<p>Marca de chocolates premium, a Lindt criou uma linha especial para a P\u00e1scoa 2023. S\u00e3o mais de 40 itens exclusivos para data e o grande destaque \u00e9 o ovo trufado. Com 450 gramas, a iguaria custa R$ 169,90 e \u00e9 composta de uma delicada casca com recheio trufado ao leite.<\/p>\n<p>Outra novidade \u00e9 a vers\u00e3o em ovo da linha Swiss Classic. S\u00e3o 130 gramas de ovo feito com tradicional chocolate ao leite da marca acompanhado de seis minitabletes nos sabores leite, avel\u00e3 e meio amargo por R$ 69,90. H\u00e1 tamb\u00e9m o relan\u00e7amento do ovo nocciolatte (R$ 149,90), que tem 350 gramas e \u00e9 feito com chocolate ao leite e avel\u00e3s em peda\u00e7os.<\/p>\n<figure id=\"attachment_6841\" aria-describedby=\"caption-attachment-6841\" style=\"width: 800px\" class=\"wp-caption aligncenter\"><a href=\"https:\/\/blogs.correiobraziliense.com.br\/lianasabo\/wp-content\/uploads\/sites\/25\/2023\/04\/unnamed.jpg\"><img loading=\"lazy\" decoding=\"async\" class=\"size-full wp-image-6841\" src=\"https:\/\/blogs.correiobraziliense.com.br\/lianasabo\/wp-content\/uploads\/sites\/25\/2023\/04\/unnamed.jpg\" alt=\"\" width=\"800\" height=\"821\" srcset=\"https:\/\/blogs.correiobraziliense.com.br\/lianasabo\/wp-content\/uploads\/sites\/25\/2023\/04\/unnamed.jpg 800w, https:\/\/blogs.correiobraziliense.com.br\/lianasabo\/wp-content\/uploads\/sites\/25\/2023\/04\/unnamed-292x300.jpg 292w, https:\/\/blogs.correiobraziliense.com.br\/lianasabo\/wp-content\/uploads\/sites\/25\/2023\/04\/unnamed-768x788.jpg 768w, https:\/\/blogs.correiobraziliense.com.br\/lianasabo\/wp-content\/uploads\/sites\/25\/2023\/04\/unnamed-550x564.jpg 550w, https:\/\/blogs.correiobraziliense.com.br\/lianasabo\/wp-content\/uploads\/sites\/25\/2023\/04\/unnamed-230x236.jpg 230w\" sizes=\"auto, (max-width: 800px) 100vw, 800px\" \/><\/a><figcaption id=\"caption-attachment-6841\" class=\"wp-caption-text\">Cr\u00e9dito: Lindt\/Divulga\u00e7\u00e3o<\/figcaption><\/figure>\n<p>\u00cdcone mundial da P\u00e1scoa Lindt, Gold Bunny est\u00e1 de volta no sabor chocolate ao leite com avel\u00e3 (100g &#8211; R$ 37,90 e 200g &#8211; R$ 64,90). Para as crian\u00e7as, a marca apresenta a nova Maleta Gold Bunny (235g \u2013 R$ 149,90), com o cl\u00e1ssico coelhinho e mini ovinhos nos sabores ao leite e avel\u00e3 como op\u00e7\u00e3o para presentear.<\/p>\n","protected":false},"excerpt":{"rendered":"<p>Marca de chocolates premium, a Lindt criou uma linha especial para a P\u00e1scoa 2023. S\u00e3o mais de 40 itens exclusivos para data e o grande destaque \u00e9 o ovo trufado. Com 450 gramas, a iguaria custa R$ 169,90 e \u00e9 composta de uma delicada casca com recheio trufado ao leite. Outra novidade \u00e9 a vers\u00e3o em ovo da linha Swiss [&hellip;]<\/p>\n","protected":false},"author":54,"featured_media":6840,"comment_status":"open","ping_status":"open","sticky":false,"template":"","format":"standard","meta":{"footnotes":""},"categories":[718],"tags":[738,732,413],"class_list":["post-6839","post","type-post","status-publish","format-standard","has-post-thumbnail","hentry","category-pascoa","tag-lindt","tag-ovos-de-pascoa","tag-pascoa"],"_links":{"self":[{"href":"https:\/\/blogs.correiobraziliense.com.br\/lianasabo\/wp-json\/wp\/v2\/posts\/6839","targetHints":{"allow":["GET"]}}],"collection":[{"href":"https:\/\/blogs.correiobraziliense.com.br\/lianasabo\/wp-json\/wp\/v2\/posts"}],"about":[{"href":"https:\/\/blogs.correiobraziliense.com.br\/lianasabo\/wp-json\/wp\/v2\/types\/post"}],"author":[{"embeddable":true,"href":"https:\/\/blogs.correiobraziliense.com.br\/lianasabo\/wp-json\/wp\/v2\/users\/54"}],"replies":[{"embeddable":true,"href":"https:\/\/blogs.correiobraziliense.com.br\/lianasabo\/wp-json\/wp\/v2\/comments?post=6839"}],"version-history":[{"count":1,"href":"https:\/\/blogs.correiobraziliense.com.br\/lianasabo\/wp-json\/wp\/v2\/posts\/6839\/revisions"}],"predecessor-version":[{"id":6842,"href":"https:\/\/blogs.correiobraziliense.com.br\/lianasabo\/wp-json\/wp\/v2\/posts\/6839\/revisions\/6842"}],"wp:featuredmedia":[{"embeddable":true,"href":"https:\/\/blogs.correiobraziliense.com.br\/lianasabo\/wp-json\/wp\/v2\/media\/6840"}],"wp:attachment":[{"href":"https:\/\/blogs.correiobraziliense.com.br\/lianasabo\/wp-json\/wp\/v2\/media?parent=6839"}],"wp:term":[{"taxonomy":"category","embeddable":true,"href":"https:\/\/blogs.correiobraziliense.com.br\/lianasabo\/wp-json\/wp\/v2\/categories?post=6839"},{"taxonomy":"post_tag","embeddable":true,"href":"https:\/\/blogs.correiobraziliense.com.br\/lianasabo\/wp-json\/wp\/v2\/tags?post=6839"}],"curies":[{"name":"wp","href":"https:\/\/api.w.org\/{rel}","templated":true}]}}