{"id":6837,"date":"2023-04-07T06:37:52","date_gmt":"2023-04-07T09:37:52","guid":{"rendered":"https:\/\/blogs.correiobraziliense.com.br\/lianasabo\/?p=6837"},"modified":"2023-04-06T21:43:56","modified_gmt":"2023-04-07T00:43:56","slug":"fogo-de-chao-aposta-no-salmao-grelhado-na-semana-santa","status":"publish","type":"post","link":"https:\/\/blogs.correiobraziliense.com.br\/lianasabo\/fogo-de-chao-aposta-no-salmao-grelhado-na-semana-santa\/","title":{"rendered":"Fogo de Ch\u00e3o aposta no salm\u00e3o grelhado na semana santa"},"content":{"rendered":"<p>Nesta semana santa, a churrascaria Fogo de Ch\u00e3o aposta em outras prote\u00ednas para se adequar \u00e0 tradi\u00e7\u00e3o do pescado. Al\u00e9m da posta de bacalhau, um dos lan\u00e7amentos \u00e9 o saboroso salm\u00e3o grelhado, que vem empratado (R$ 89) e d\u00e1 direito ao cliente se servir no buf\u00ea de saladas com op\u00e7\u00f5es como salm\u00e3o defumado e surubim.<\/p>\n","protected":false},"excerpt":{"rendered":"<p>Nesta semana santa, a churrascaria Fogo de Ch\u00e3o aposta em outras prote\u00ednas para se adequar \u00e0 tradi\u00e7\u00e3o do pescado. Al\u00e9m da posta de bacalhau, um dos lan\u00e7amentos \u00e9 o saboroso salm\u00e3o grelhado, que vem empratado (R$ 89) e d\u00e1 direito ao cliente se servir no buf\u00ea de saladas com op\u00e7\u00f5es como salm\u00e3o defumado e surubim.<\/p>\n","protected":false},"author":54,"featured_media":0,"comment_status":"open","ping_status":"open","sticky":false,"template":"","format":"standard","meta":{"footnotes":""},"categories":[326],"tags":[86,737,78],"class_list":["post-6837","post","type-post","status-publish","format-standard","hentry","category-restaurantes","tag-fogo-de-chao","tag-salmao","tag-semana-santa"],"_links":{"self":[{"href":"https:\/\/blogs.correiobraziliense.com.br\/lianasabo\/wp-json\/wp\/v2\/posts\/6837","targetHints":{"allow":["GET"]}}],"collection":[{"href":"https:\/\/blogs.correiobraziliense.com.br\/lianasabo\/wp-json\/wp\/v2\/posts"}],"about":[{"href":"https:\/\/blogs.correiobraziliense.com.br\/lianasabo\/wp-json\/wp\/v2\/types\/post"}],"author":[{"embeddable":true,"href":"https:\/\/blogs.correiobraziliense.com.br\/lianasabo\/wp-json\/wp\/v2\/users\/54"}],"replies":[{"embeddable":true,"href":"https:\/\/blogs.correiobraziliense.com.br\/lianasabo\/wp-json\/wp\/v2\/comments?post=6837"}],"version-history":[{"count":1,"href":"https:\/\/blogs.correiobraziliense.com.br\/lianasabo\/wp-json\/wp\/v2\/posts\/6837\/revisions"}],"predecessor-version":[{"id":6838,"href":"https:\/\/blogs.correiobraziliense.com.br\/lianasabo\/wp-json\/wp\/v2\/posts\/6837\/revisions\/6838"}],"wp:attachment":[{"href":"https:\/\/blogs.correiobraziliense.com.br\/lianasabo\/wp-json\/wp\/v2\/media?parent=6837"}],"wp:term":[{"taxonomy":"category","embeddable":true,"href":"https:\/\/blogs.correiobraziliense.com.br\/lianasabo\/wp-json\/wp\/v2\/categories?post=6837"},{"taxonomy":"post_tag","embeddable":true,"href":"https:\/\/blogs.correiobraziliense.com.br\/lianasabo\/wp-json\/wp\/v2\/tags?post=6837"}],"curies":[{"name":"wp","href":"https:\/\/api.w.org\/{rel}","templated":true}]}}