{"id":6827,"date":"2023-04-07T06:24:22","date_gmt":"2023-04-07T09:24:22","guid":{"rendered":"https:\/\/blogs.correiobraziliense.com.br\/lianasabo\/?p=6827"},"modified":"2023-04-06T21:26:57","modified_gmt":"2023-04-07T00:26:57","slug":"opcoes-de-ovos-de-pascoa-para-quem-tem-restricoes","status":"publish","type":"post","link":"https:\/\/blogs.correiobraziliense.com.br\/lianasabo\/opcoes-de-ovos-de-pascoa-para-quem-tem-restricoes\/","title":{"rendered":"Op\u00e7\u00f5es de ovos de P\u00e1scoa para quem tem restri\u00e7\u00f5es"},"content":{"rendered":"<p>Para quem tem algum tipo de intoler\u00e2ncia alimentar e ama chocolate, h\u00e1 uma op\u00e7\u00e3o exclusiva low carb, zero a\u00e7\u00facar, sem gl\u00faten e sem lactose. Trata-se do ovo chocolatudo com recheio de creme de avel\u00e3s e cobertura de chocolate nobre, enfeitado com morangos frescos e est\u00e1 dispon\u00edvel para encomendas por R$ 72 \u2013 130g e R$ 139 \u2013 300g no Face Caf\u00e9, aberto no Shopping Avenida, 102\/103 Norte, pela empres\u00e1ria Aurea Barbosa.<\/p>\n<figure id=\"attachment_6829\" aria-describedby=\"caption-attachment-6829\" style=\"width: 225px\" class=\"wp-caption alignleft\"><a href=\"https:\/\/blogs.correiobraziliense.com.br\/lianasabo\/wp-content\/uploads\/sites\/25\/2023\/04\/Face-Caf\u00e9-Op\u00e7\u00f5es-do-card\u00e1pio-Divulga\u00e7\u00e3o-10.jpeg\"><img loading=\"lazy\" decoding=\"async\" class=\"size-medium wp-image-6829\" src=\"https:\/\/blogs.correiobraziliense.com.br\/lianasabo\/wp-content\/uploads\/sites\/25\/2023\/04\/Face-Caf\u00e9-Op\u00e7\u00f5es-do-card\u00e1pio-Divulga\u00e7\u00e3o-10-225x300.jpeg\" alt=\"\" width=\"225\" height=\"300\" srcset=\"https:\/\/blogs.correiobraziliense.com.br\/lianasabo\/wp-content\/uploads\/sites\/25\/2023\/04\/Face-Caf\u00e9-Op\u00e7\u00f5es-do-card\u00e1pio-Divulga\u00e7\u00e3o-10-225x300.jpeg 225w, https:\/\/blogs.correiobraziliense.com.br\/lianasabo\/wp-content\/uploads\/sites\/25\/2023\/04\/Face-Caf\u00e9-Op\u00e7\u00f5es-do-card\u00e1pio-Divulga\u00e7\u00e3o-10.jpeg 768w, https:\/\/blogs.correiobraziliense.com.br\/lianasabo\/wp-content\/uploads\/sites\/25\/2023\/04\/Face-Caf\u00e9-Op\u00e7\u00f5es-do-card\u00e1pio-Divulga\u00e7\u00e3o-10-550x733.jpeg 550w, https:\/\/blogs.correiobraziliense.com.br\/lianasabo\/wp-content\/uploads\/sites\/25\/2023\/04\/Face-Caf\u00e9-Op\u00e7\u00f5es-do-card\u00e1pio-Divulga\u00e7\u00e3o-10-230x307.jpeg 230w\" sizes=\"auto, (max-width: 225px) 100vw, 225px\" \/><\/a><figcaption id=\"caption-attachment-6829\" class=\"wp-caption-text\">Mesa de caf\u00e9 da manh\u00e3. Cr\u00e9dito: Face Caf\u00e9\/divulga\u00e7\u00e3o<\/figcaption><\/figure>\n<p>\u201cMuita gente ainda pensa que comida saud\u00e1vel \u00e9 sem gosto. Nesta receita, voc\u00ea ter\u00e1 a oportunidade de quebrar esse paradigma e provar um doce com muito sabor, que vai agradar todos os paladares e que tamb\u00e9m \u00e9 ideal para presentear quem tanto amamos\u201d, explica Aurea.<\/p>\n<p>O card\u00e1pio conta com caf\u00e9s, bebidas quentes e geladas, sucos funcionais, bolos e tortas, doces, lanches, antepastos, p\u00e3es e cestas especiais para presentear ou levar para casa. Tamb\u00e9m h\u00e1 op\u00e7\u00f5es para refei\u00e7\u00e3o, como o fil\u00e9 mignon \u00e0 Balthazar (R$ 59,90) ao molho gorgonzola, batatas fritas e salada de repolho com tomatinhos; folhado de abobrinha com cream cheese (a partir de R$ 9) e ovos Benedict, montado sobre p\u00e3o brioche de raspas de lim\u00e3o, presunto de parma, molho holand\u00eas e especiarias (R$ 25,90).<\/p>\n<p>\u00a8Todos os meses, 1% de todo o faturamento do Face Caf\u00e9 \u00e9 doado para Formiguinhas do Bem, projeto social presidido por Aurea, que atende pessoas em situa\u00e7\u00e3o de vulnerabilidade. Funciona de ter\u00e7a a sexta, de 7h30 \u00e0s 22h; s\u00e1bado e domingo, de 8h \u00e0s 20h. Telefone: 98622-8527. Instagram: <a href=\"https:\/\/www.instagram.com\/facecafelowcarb\/\">@facecafelowcarb<\/a><\/p>\n","protected":false},"excerpt":{"rendered":"<p>Para quem tem algum tipo de intoler\u00e2ncia alimentar e ama chocolate, h\u00e1 uma op\u00e7\u00e3o exclusiva low carb, zero a\u00e7\u00facar, sem gl\u00faten e sem lactose. Trata-se do ovo chocolatudo com recheio de creme de avel\u00e3s e cobertura de chocolate nobre, enfeitado com morangos frescos e est\u00e1 dispon\u00edvel para encomendas por R$ 72 \u2013 130g e R$ 139 \u2013 300g no Face [&hellip;]<\/p>\n","protected":false},"author":54,"featured_media":6828,"comment_status":"open","ping_status":"open","sticky":false,"template":"","format":"standard","meta":{"footnotes":""},"categories":[718],"tags":[734,732],"class_list":["post-6827","post","type-post","status-publish","format-standard","has-post-thumbnail","hentry","category-pascoa","tag-face-cafe","tag-ovos-de-pascoa"],"_links":{"self":[{"href":"https:\/\/blogs.correiobraziliense.com.br\/lianasabo\/wp-json\/wp\/v2\/posts\/6827","targetHints":{"allow":["GET"]}}],"collection":[{"href":"https:\/\/blogs.correiobraziliense.com.br\/lianasabo\/wp-json\/wp\/v2\/posts"}],"about":[{"href":"https:\/\/blogs.correiobraziliense.com.br\/lianasabo\/wp-json\/wp\/v2\/types\/post"}],"author":[{"embeddable":true,"href":"https:\/\/blogs.correiobraziliense.com.br\/lianasabo\/wp-json\/wp\/v2\/users\/54"}],"replies":[{"embeddable":true,"href":"https:\/\/blogs.correiobraziliense.com.br\/lianasabo\/wp-json\/wp\/v2\/comments?post=6827"}],"version-history":[{"count":1,"href":"https:\/\/blogs.correiobraziliense.com.br\/lianasabo\/wp-json\/wp\/v2\/posts\/6827\/revisions"}],"predecessor-version":[{"id":6830,"href":"https:\/\/blogs.correiobraziliense.com.br\/lianasabo\/wp-json\/wp\/v2\/posts\/6827\/revisions\/6830"}],"wp:featuredmedia":[{"embeddable":true,"href":"https:\/\/blogs.correiobraziliense.com.br\/lianasabo\/wp-json\/wp\/v2\/media\/6828"}],"wp:attachment":[{"href":"https:\/\/blogs.correiobraziliense.com.br\/lianasabo\/wp-json\/wp\/v2\/media?parent=6827"}],"wp:term":[{"taxonomy":"category","embeddable":true,"href":"https:\/\/blogs.correiobraziliense.com.br\/lianasabo\/wp-json\/wp\/v2\/categories?post=6827"},{"taxonomy":"post_tag","embeddable":true,"href":"https:\/\/blogs.correiobraziliense.com.br\/lianasabo\/wp-json\/wp\/v2\/tags?post=6827"}],"curies":[{"name":"wp","href":"https:\/\/api.w.org\/{rel}","templated":true}]}}