{"id":6808,"date":"2023-03-31T06:55:05","date_gmt":"2023-03-31T09:55:05","guid":{"rendered":"https:\/\/blogs.correiobraziliense.com.br\/lianasabo\/?p=6808"},"modified":"2023-03-30T21:14:49","modified_gmt":"2023-03-31T00:14:49","slug":"retomada-da-feira-brasilia-doce-tem-aula-show-com-edu-guedes","status":"publish","type":"post","link":"https:\/\/blogs.correiobraziliense.com.br\/lianasabo\/retomada-da-feira-brasilia-doce-tem-aula-show-com-edu-guedes\/","title":{"rendered":"Retomada da feira Bras\u00edlia Doce tem aula-show com Edu Guedes"},"content":{"rendered":"<p>Ap\u00f3s tr\u00eas anos de pausa, a feira Bras\u00edlia Doce est\u00e1 de volta com edi\u00e7\u00e3o neste s\u00e1bado (1\u00ba\/4), das 11h \u00e0s 17h, no Bras\u00edlia Shopping, com entrada franca. A retomada do evento tem como atra\u00e7\u00e3o principal a aula-show com Edu Guedes.<\/p>\n<p>O chef de cozinha vai ensinar receitas para o tradicional almo\u00e7o de P\u00e1scoa, a partir das 12h, na Pra\u00e7a Central do shopping. Ser\u00e3o tr\u00eas pratos: entrada, prato principal e sobremesa.<\/p>\n<p>Apesar da entrada ser livre e gratuita, o acesso para a aula \u00e9 limitado. Quem quiser participar da programa\u00e7\u00e3o com o chef pode pegar as pulseiras a partir das 10h no balc\u00e3o de informa\u00e7\u00f5es do shopping.<\/p>\n<p>A feira conta com 25 expositores locais que estar\u00e3o comercializando op\u00e7\u00f5es de presentes para a data, como ovos de chocolate artesanais, na \u00e1rea externa do shopping. Al\u00e9m disso, oficinas, shows musicais e apresenta\u00e7\u00f5es c\u00eanicas fazem parte da programa\u00e7\u00e3o.<\/p>\n<p><strong>Confira a programa\u00e7\u00e3o da feira Bras\u00edlia Doce<\/strong><\/p>\n<p><strong>11h \u00e0s 17h \u2013<\/strong> Feirinha A\u00e7ucarada<br \/>\n<strong>11h \u00e0s 16h \u2013<\/strong> DJ Rafaela Ferrugem e DJ Karla Testa<br \/>\n<strong>11h \u2013<\/strong>\u00a0Show de Palh\u00e1gica. Ingressos: R$ 20 (meia-entrada) e R$ 40 (inteira). No Teatro Bras\u00edlia Shopping<br \/>\n<strong>12h &#8211;<\/strong> Aula-show com Edu Guedes<br \/>\n<strong>14h \u2013<\/strong> Oficina de biscoitos em formato de coelhinho<br \/>\n<strong>15h \u2013<\/strong> Oficina de ovinho de chocolate<br \/>\n<strong>16h \u2013\u00a0<\/strong>Pe\u00e7a <em>As Aventuras de Dorinha em Busca do Ovo Encantado<\/em>. Ingressos: R$ 30 (meia-entrada) e R$ 60 (inteira). No Teatro Bras\u00edlia Shopping<br \/>\n<strong>16h \u2013<\/strong> Sr.Gonzales Serenata Orquestra<\/p>\n","protected":false},"excerpt":{"rendered":"<p>Ap\u00f3s tr\u00eas anos de pausa, a feira Bras\u00edlia Doce est\u00e1 de volta com edi\u00e7\u00e3o neste s\u00e1bado (1\u00ba\/4), das 11h \u00e0s 17h, no Bras\u00edlia Shopping, com entrada franca. A retomada do evento tem como atra\u00e7\u00e3o principal a aula-show com Edu Guedes. O chef de cozinha vai ensinar receitas para o tradicional almo\u00e7o de P\u00e1scoa, a partir das 12h, na Pra\u00e7a Central [&hellip;]<\/p>\n","protected":false},"author":54,"featured_media":6810,"comment_status":"open","ping_status":"open","sticky":false,"template":"","format":"standard","meta":{"footnotes":""},"categories":[201],"tags":[728,729,448],"class_list":["post-6808","post","type-post","status-publish","format-standard","has-post-thumbnail","hentry","category-festival","tag-brasilia-doce","tag-edu-guedes","tag-feira"],"_links":{"self":[{"href":"https:\/\/blogs.correiobraziliense.com.br\/lianasabo\/wp-json\/wp\/v2\/posts\/6808","targetHints":{"allow":["GET"]}}],"collection":[{"href":"https:\/\/blogs.correiobraziliense.com.br\/lianasabo\/wp-json\/wp\/v2\/posts"}],"about":[{"href":"https:\/\/blogs.correiobraziliense.com.br\/lianasabo\/wp-json\/wp\/v2\/types\/post"}],"author":[{"embeddable":true,"href":"https:\/\/blogs.correiobraziliense.com.br\/lianasabo\/wp-json\/wp\/v2\/users\/54"}],"replies":[{"embeddable":true,"href":"https:\/\/blogs.correiobraziliense.com.br\/lianasabo\/wp-json\/wp\/v2\/comments?post=6808"}],"version-history":[{"count":1,"href":"https:\/\/blogs.correiobraziliense.com.br\/lianasabo\/wp-json\/wp\/v2\/posts\/6808\/revisions"}],"predecessor-version":[{"id":6809,"href":"https:\/\/blogs.correiobraziliense.com.br\/lianasabo\/wp-json\/wp\/v2\/posts\/6808\/revisions\/6809"}],"wp:featuredmedia":[{"embeddable":true,"href":"https:\/\/blogs.correiobraziliense.com.br\/lianasabo\/wp-json\/wp\/v2\/media\/6810"}],"wp:attachment":[{"href":"https:\/\/blogs.correiobraziliense.com.br\/lianasabo\/wp-json\/wp\/v2\/media?parent=6808"}],"wp:term":[{"taxonomy":"category","embeddable":true,"href":"https:\/\/blogs.correiobraziliense.com.br\/lianasabo\/wp-json\/wp\/v2\/categories?post=6808"},{"taxonomy":"post_tag","embeddable":true,"href":"https:\/\/blogs.correiobraziliense.com.br\/lianasabo\/wp-json\/wp\/v2\/tags?post=6808"}],"curies":[{"name":"wp","href":"https:\/\/api.w.org\/{rel}","templated":true}]}}