{"id":6796,"date":"2023-03-31T06:38:37","date_gmt":"2023-03-31T09:38:37","guid":{"rendered":"https:\/\/blogs.correiobraziliense.com.br\/lianasabo\/?p=6796"},"modified":"2023-03-30T20:42:09","modified_gmt":"2023-03-30T23:42:09","slug":"nando-reis-e-a-atracao-principal-do-festival-gastronomico-de-pirenopolis","status":"publish","type":"post","link":"https:\/\/blogs.correiobraziliense.com.br\/lianasabo\/nando-reis-e-a-atracao-principal-do-festival-gastronomico-de-pirenopolis\/","title":{"rendered":"Nando Reis \u00e9 a atra\u00e7\u00e3o principal do Festival Gastron\u00f4mico de Piren\u00f3polis"},"content":{"rendered":"<p>O feriado de 21 de abril, 63\u00ba anivers\u00e1rio da cidade, que cai numa sexta-feira, poder\u00e1 levar o brasiliense a curtir o lual com o cantor Nando Reis, atra\u00e7\u00e3o cultural do Festival Gastron\u00f4mico de Piren\u00f3polis, que ser\u00e1 realizado s\u00e1bado, 22, pr\u00f3ximo \u00e0 ponte de madeira sobre o rio das Almas. A partir das 18h, uma dezena de marcas gourmets, que representam culin\u00e1rias italiana, \u00e1rabe, brasileira e contempor\u00e2nea, oferecer\u00e3o seus quitutes no espa\u00e7o chamado Beira Rio.<\/p>\n<p>Os ingressos est\u00e3o \u00e0 venda pelo site <a href=\"https:\/\/www.ingressosa.com\/\">IngressoSA<\/a> e custam a partir de R$ 80, meia-entrada, e R$ 100 (entrada solid\u00e1ria mediante doa\u00e7\u00e3o de 2kg de alimento n\u00e3o perec\u00edvel. Informa\u00e7\u00f5es <a href=\"https:\/\/www.instagram.com\/luaupiri\/\">@luaupiri<\/a> e (62) 99204-6767.<\/p>\n","protected":false},"excerpt":{"rendered":"<p>O feriado de 21 de abril, 63\u00ba anivers\u00e1rio da cidade, que cai numa sexta-feira, poder\u00e1 levar o brasiliense a curtir o lual com o cantor Nando Reis, atra\u00e7\u00e3o cultural do Festival Gastron\u00f4mico de Piren\u00f3polis, que ser\u00e1 realizado s\u00e1bado, 22, pr\u00f3ximo \u00e0 ponte de madeira sobre o rio das Almas. A partir das 18h, uma dezena de marcas gourmets, que representam [&hellip;]<\/p>\n","protected":false},"author":54,"featured_media":6797,"comment_status":"open","ping_status":"open","sticky":false,"template":"","format":"standard","meta":{"footnotes":""},"categories":[201],"tags":[],"class_list":["post-6796","post","type-post","status-publish","format-standard","has-post-thumbnail","hentry","category-festival"],"_links":{"self":[{"href":"https:\/\/blogs.correiobraziliense.com.br\/lianasabo\/wp-json\/wp\/v2\/posts\/6796","targetHints":{"allow":["GET"]}}],"collection":[{"href":"https:\/\/blogs.correiobraziliense.com.br\/lianasabo\/wp-json\/wp\/v2\/posts"}],"about":[{"href":"https:\/\/blogs.correiobraziliense.com.br\/lianasabo\/wp-json\/wp\/v2\/types\/post"}],"author":[{"embeddable":true,"href":"https:\/\/blogs.correiobraziliense.com.br\/lianasabo\/wp-json\/wp\/v2\/users\/54"}],"replies":[{"embeddable":true,"href":"https:\/\/blogs.correiobraziliense.com.br\/lianasabo\/wp-json\/wp\/v2\/comments?post=6796"}],"version-history":[{"count":1,"href":"https:\/\/blogs.correiobraziliense.com.br\/lianasabo\/wp-json\/wp\/v2\/posts\/6796\/revisions"}],"predecessor-version":[{"id":6798,"href":"https:\/\/blogs.correiobraziliense.com.br\/lianasabo\/wp-json\/wp\/v2\/posts\/6796\/revisions\/6798"}],"wp:featuredmedia":[{"embeddable":true,"href":"https:\/\/blogs.correiobraziliense.com.br\/lianasabo\/wp-json\/wp\/v2\/media\/6797"}],"wp:attachment":[{"href":"https:\/\/blogs.correiobraziliense.com.br\/lianasabo\/wp-json\/wp\/v2\/media?parent=6796"}],"wp:term":[{"taxonomy":"category","embeddable":true,"href":"https:\/\/blogs.correiobraziliense.com.br\/lianasabo\/wp-json\/wp\/v2\/categories?post=6796"},{"taxonomy":"post_tag","embeddable":true,"href":"https:\/\/blogs.correiobraziliense.com.br\/lianasabo\/wp-json\/wp\/v2\/tags?post=6796"}],"curies":[{"name":"wp","href":"https:\/\/api.w.org\/{rel}","templated":true}]}}