{"id":6784,"date":"2023-03-24T06:36:14","date_gmt":"2023-03-24T09:36:14","guid":{"rendered":"https:\/\/blogs.correiobraziliense.com.br\/lianasabo\/?p=6784"},"modified":"2023-03-23T19:40:27","modified_gmt":"2023-03-23T22:40:27","slug":"taberna-lusitana-recebe-o-1o-festival-de-sardinha-na-brasa","status":"publish","type":"post","link":"https:\/\/blogs.correiobraziliense.com.br\/lianasabo\/taberna-lusitana-recebe-o-1o-festival-de-sardinha-na-brasa\/","title":{"rendered":"Taberna Lusitana recebe o 1\u00ba Festival de Sardinha na Brasa"},"content":{"rendered":"<p>Al\u00e9m do bacalhau feito em diversas maneiras, outra iguaria que representa a gastronomia portuguesa em todo o seu esplendor \u00e9 a sardinha assada inteira na brasa, com direito \u00e0 fuma\u00e7a, que se expandir\u00e1 pelo ar amanh\u00e3 (25) por toda a \u00e1rea verde em torno da Taberna Lusitana. \u00c9 l\u00e1 no Bloco C da 412 Sul que o restaurateur Tiago Reis vai comandar, a partir do meio dia, o 1\u00ba Festival de Sardinha na Brasa servindo seis unidades acompanhadas de salada, batatas ao murro, p\u00e3o e broa de milho por R$ 99. Reservas pelo 98123-6353 (whatsapp).<\/p>\n","protected":false},"excerpt":{"rendered":"<p>Al\u00e9m do bacalhau feito em diversas maneiras, outra iguaria que representa a gastronomia portuguesa em todo o seu esplendor \u00e9 a sardinha assada inteira na brasa, com direito \u00e0 fuma\u00e7a, que se expandir\u00e1 pelo ar amanh\u00e3 (25) por toda a \u00e1rea verde em torno da Taberna Lusitana. \u00c9 l\u00e1 no Bloco C da 412 Sul que o restaurateur Tiago Reis [&hellip;]<\/p>\n","protected":false},"author":54,"featured_media":6785,"comment_status":"open","ping_status":"open","sticky":false,"template":"","format":"standard","meta":{"footnotes":""},"categories":[201],"tags":[726],"class_list":["post-6784","post","type-post","status-publish","format-standard","has-post-thumbnail","hentry","category-festival","tag-1o-festival-de-sardinha-na-brasa"],"_links":{"self":[{"href":"https:\/\/blogs.correiobraziliense.com.br\/lianasabo\/wp-json\/wp\/v2\/posts\/6784","targetHints":{"allow":["GET"]}}],"collection":[{"href":"https:\/\/blogs.correiobraziliense.com.br\/lianasabo\/wp-json\/wp\/v2\/posts"}],"about":[{"href":"https:\/\/blogs.correiobraziliense.com.br\/lianasabo\/wp-json\/wp\/v2\/types\/post"}],"author":[{"embeddable":true,"href":"https:\/\/blogs.correiobraziliense.com.br\/lianasabo\/wp-json\/wp\/v2\/users\/54"}],"replies":[{"embeddable":true,"href":"https:\/\/blogs.correiobraziliense.com.br\/lianasabo\/wp-json\/wp\/v2\/comments?post=6784"}],"version-history":[{"count":1,"href":"https:\/\/blogs.correiobraziliense.com.br\/lianasabo\/wp-json\/wp\/v2\/posts\/6784\/revisions"}],"predecessor-version":[{"id":6786,"href":"https:\/\/blogs.correiobraziliense.com.br\/lianasabo\/wp-json\/wp\/v2\/posts\/6784\/revisions\/6786"}],"wp:featuredmedia":[{"embeddable":true,"href":"https:\/\/blogs.correiobraziliense.com.br\/lianasabo\/wp-json\/wp\/v2\/media\/6785"}],"wp:attachment":[{"href":"https:\/\/blogs.correiobraziliense.com.br\/lianasabo\/wp-json\/wp\/v2\/media?parent=6784"}],"wp:term":[{"taxonomy":"category","embeddable":true,"href":"https:\/\/blogs.correiobraziliense.com.br\/lianasabo\/wp-json\/wp\/v2\/categories?post=6784"},{"taxonomy":"post_tag","embeddable":true,"href":"https:\/\/blogs.correiobraziliense.com.br\/lianasabo\/wp-json\/wp\/v2\/tags?post=6784"}],"curies":[{"name":"wp","href":"https:\/\/api.w.org\/{rel}","templated":true}]}}