{"id":6762,"date":"2023-03-17T06:40:37","date_gmt":"2023-03-17T09:40:37","guid":{"rendered":"https:\/\/blogs.correiobraziliense.com.br\/lianasabo\/?p=6762"},"modified":"2023-03-16T23:43:34","modified_gmt":"2023-03-17T02:43:34","slug":"saveur-bistrot-vai-passar-a-funcionar-somente-nos-fins-de-semana","status":"publish","type":"post","link":"https:\/\/blogs.correiobraziliense.com.br\/lianasabo\/saveur-bistrot-vai-passar-a-funcionar-somente-nos-fins-de-semana\/","title":{"rendered":"Saveur Bistrot vai passar a funcionar somente nos fins de semana"},"content":{"rendered":"<p>Aberto h\u00e1 sete anos num condom\u00ednio do SMDB, Conjunto 10, o Saveur Bistrot passar\u00e1, a partir do dia 6 de abril a funcionar somente nos fins de semana, anuncia o chef Thiago Para\u00edso, que continuar\u00e1 servindo l\u00e1 menu degusta\u00e7\u00e3o, uma tradi\u00e7\u00e3o que trouxe da Fran\u00e7a. O de quatro etapas (duas entradas, principal e sobremesa), no qual o destaque \u00e9 pastel de pato com caldo de cana, sair\u00e1 por R$ 150.<\/p>\n","protected":false},"excerpt":{"rendered":"<p>Aberto h\u00e1 sete anos num condom\u00ednio do SMDB, Conjunto 10, o Saveur Bistrot passar\u00e1, a partir do dia 6 de abril a funcionar somente nos fins de semana, anuncia o chef Thiago Para\u00edso, que continuar\u00e1 servindo l\u00e1 menu degusta\u00e7\u00e3o, uma tradi\u00e7\u00e3o que trouxe da Fran\u00e7a. O de quatro etapas (duas entradas, principal e sobremesa), no qual o destaque \u00e9 pastel [&hellip;]<\/p>\n","protected":false},"author":54,"featured_media":5582,"comment_status":"open","ping_status":"open","sticky":false,"template":"","format":"standard","meta":{"footnotes":""},"categories":[326],"tags":[722],"class_list":["post-6762","post","type-post","status-publish","format-standard","has-post-thumbnail","hentry","category-restaurantes","tag-saveur-bistrot"],"_links":{"self":[{"href":"https:\/\/blogs.correiobraziliense.com.br\/lianasabo\/wp-json\/wp\/v2\/posts\/6762","targetHints":{"allow":["GET"]}}],"collection":[{"href":"https:\/\/blogs.correiobraziliense.com.br\/lianasabo\/wp-json\/wp\/v2\/posts"}],"about":[{"href":"https:\/\/blogs.correiobraziliense.com.br\/lianasabo\/wp-json\/wp\/v2\/types\/post"}],"author":[{"embeddable":true,"href":"https:\/\/blogs.correiobraziliense.com.br\/lianasabo\/wp-json\/wp\/v2\/users\/54"}],"replies":[{"embeddable":true,"href":"https:\/\/blogs.correiobraziliense.com.br\/lianasabo\/wp-json\/wp\/v2\/comments?post=6762"}],"version-history":[{"count":1,"href":"https:\/\/blogs.correiobraziliense.com.br\/lianasabo\/wp-json\/wp\/v2\/posts\/6762\/revisions"}],"predecessor-version":[{"id":6763,"href":"https:\/\/blogs.correiobraziliense.com.br\/lianasabo\/wp-json\/wp\/v2\/posts\/6762\/revisions\/6763"}],"wp:featuredmedia":[{"embeddable":true,"href":"https:\/\/blogs.correiobraziliense.com.br\/lianasabo\/wp-json\/wp\/v2\/media\/5582"}],"wp:attachment":[{"href":"https:\/\/blogs.correiobraziliense.com.br\/lianasabo\/wp-json\/wp\/v2\/media?parent=6762"}],"wp:term":[{"taxonomy":"category","embeddable":true,"href":"https:\/\/blogs.correiobraziliense.com.br\/lianasabo\/wp-json\/wp\/v2\/categories?post=6762"},{"taxonomy":"post_tag","embeddable":true,"href":"https:\/\/blogs.correiobraziliense.com.br\/lianasabo\/wp-json\/wp\/v2\/tags?post=6762"}],"curies":[{"name":"wp","href":"https:\/\/api.w.org\/{rel}","templated":true}]}}