{"id":6756,"date":"2023-03-17T06:31:21","date_gmt":"2023-03-17T09:31:21","guid":{"rendered":"https:\/\/blogs.correiobraziliense.com.br\/lianasabo\/?p=6756"},"modified":"2023-03-16T23:36:31","modified_gmt":"2023-03-17T02:36:31","slug":"loja-celebra-mes-das-mulheres-com-superfeira-de-degustacao-de-vinhos","status":"publish","type":"post","link":"https:\/\/blogs.correiobraziliense.com.br\/lianasabo\/loja-celebra-mes-das-mulheres-com-superfeira-de-degustacao-de-vinhos\/","title":{"rendered":"Loja celebra m\u00eas das mulheres com superfeira de degusta\u00e7\u00e3o de vinhos"},"content":{"rendered":"<p>Ainda dentro das comemora\u00e7\u00f5es ao Dia Internacional da Mulher, a loja A Garrafeira, instalada no Bloco A da 215 Sul, oferece hoje (17) uma superfeira com degusta\u00e7\u00e3o de 30 r\u00f3tulos de vinhos importados e brasileiros. Nenhum das tr\u00eas vin\u00edcolas ga\u00fachas envolvidas no esc\u00e2ndalo no qual foram metidas por uma empresa tra\u00edra que manteve em condi\u00e7\u00f5es degradantes mais de 200 trabalhadores terceirizados encarregados de colher e carregar caixas de uvas no Vale dos Vinhedos. A omiss\u00e3o no cumprimento de direitos humanos j\u00e1 custou \u00e0 Aurora, Garibaldi e Salton R$ 7 milh\u00f5es de indeniza\u00e7\u00e3o, o que \u00e9 pouco se comparado ao estrago feito na imagem delas.<\/p>\n<p>Haver\u00e1 oficinas de caf\u00e9s especiais e de decora\u00e7\u00e3o de mesa de festa, conversa com os sommeliers S\u00e9rgio Pires e Rafael S\u00e1, petiscos e m\u00fasica ao vivo. A feira come\u00e7a \u00e0s 17h e vai at\u00e9 \u00e0s 22h com ingressos vendidos a R$ 80, dos quais a metade ser\u00e1 revertida para a aquisi\u00e7\u00e3o de vinhos na loja. Mais informa\u00e7\u00f5es pelo 98123-2520 (whatsapp).<\/p>\n","protected":false},"excerpt":{"rendered":"<p>Ainda dentro das comemora\u00e7\u00f5es ao Dia Internacional da Mulher, a loja A Garrafeira, instalada no Bloco A da 215 Sul, oferece hoje (17) uma superfeira com degusta\u00e7\u00e3o de 30 r\u00f3tulos de vinhos importados e brasileiros. Nenhum das tr\u00eas vin\u00edcolas ga\u00fachas envolvidas no esc\u00e2ndalo no qual foram metidas por uma empresa tra\u00edra que manteve em condi\u00e7\u00f5es degradantes mais de 200 trabalhadores [&hellip;]<\/p>\n","protected":false},"author":54,"featured_media":6757,"comment_status":"open","ping_status":"open","sticky":false,"template":"","format":"standard","meta":{"footnotes":""},"categories":[222],"tags":[492,463,92],"class_list":["post-6756","post","type-post","status-publish","format-standard","has-post-thumbnail","hentry","category-vinhos","tag-a-garrafeira","tag-degustacao","tag-vinho"],"_links":{"self":[{"href":"https:\/\/blogs.correiobraziliense.com.br\/lianasabo\/wp-json\/wp\/v2\/posts\/6756","targetHints":{"allow":["GET"]}}],"collection":[{"href":"https:\/\/blogs.correiobraziliense.com.br\/lianasabo\/wp-json\/wp\/v2\/posts"}],"about":[{"href":"https:\/\/blogs.correiobraziliense.com.br\/lianasabo\/wp-json\/wp\/v2\/types\/post"}],"author":[{"embeddable":true,"href":"https:\/\/blogs.correiobraziliense.com.br\/lianasabo\/wp-json\/wp\/v2\/users\/54"}],"replies":[{"embeddable":true,"href":"https:\/\/blogs.correiobraziliense.com.br\/lianasabo\/wp-json\/wp\/v2\/comments?post=6756"}],"version-history":[{"count":1,"href":"https:\/\/blogs.correiobraziliense.com.br\/lianasabo\/wp-json\/wp\/v2\/posts\/6756\/revisions"}],"predecessor-version":[{"id":6758,"href":"https:\/\/blogs.correiobraziliense.com.br\/lianasabo\/wp-json\/wp\/v2\/posts\/6756\/revisions\/6758"}],"wp:featuredmedia":[{"embeddable":true,"href":"https:\/\/blogs.correiobraziliense.com.br\/lianasabo\/wp-json\/wp\/v2\/media\/6757"}],"wp:attachment":[{"href":"https:\/\/blogs.correiobraziliense.com.br\/lianasabo\/wp-json\/wp\/v2\/media?parent=6756"}],"wp:term":[{"taxonomy":"category","embeddable":true,"href":"https:\/\/blogs.correiobraziliense.com.br\/lianasabo\/wp-json\/wp\/v2\/categories?post=6756"},{"taxonomy":"post_tag","embeddable":true,"href":"https:\/\/blogs.correiobraziliense.com.br\/lianasabo\/wp-json\/wp\/v2\/tags?post=6756"}],"curies":[{"name":"wp","href":"https:\/\/api.w.org\/{rel}","templated":true}]}}