{"id":6745,"date":"2023-03-15T20:05:56","date_gmt":"2023-03-15T23:05:56","guid":{"rendered":"https:\/\/blogs.correiobraziliense.com.br\/lianasabo\/?p=6745"},"modified":"2023-03-15T20:05:56","modified_gmt":"2023-03-15T23:05:56","slug":"no-dia-de-sao-patricio-tem-dose-dupla-de-chope-verde","status":"publish","type":"post","link":"https:\/\/blogs.correiobraziliense.com.br\/lianasabo\/no-dia-de-sao-patricio-tem-dose-dupla-de-chope-verde\/","title":{"rendered":"No Dia de S\u00e3o Patr\u00edcio, tem dose dupla de chope verde"},"content":{"rendered":"<p>O Living HNK, localizado na Pra\u00e7a Pick Up do Aeroporto Internacional de Bras\u00edlia, vai celebrar o Dia de S\u00e3o Patr\u00edcio na sexta-feira (17) com promo\u00e7\u00e3o. Das 17h \u00e0s 19h, tem dose dupla de chope verde por R$ 15,90.<\/p>\n<p>Pouco ao pouco, a data irlandesa virou tradi\u00e7\u00e3o no Brasil. O dia lembra o anivers\u00e1rio de morte do padroeiro do pa\u00eds europeu, com uma comemora\u00e7\u00e3o sempre regada a muita cerveja.<\/p>\n","protected":false},"excerpt":{"rendered":"<p>O Living HNK, localizado na Pra\u00e7a Pick Up do Aeroporto Internacional de Bras\u00edlia, vai celebrar o Dia de S\u00e3o Patr\u00edcio na sexta-feira (17) com promo\u00e7\u00e3o. Das 17h \u00e0s 19h, tem dose dupla de chope verde por R$ 15,90. Pouco ao pouco, a data irlandesa virou tradi\u00e7\u00e3o no Brasil. O dia lembra o anivers\u00e1rio de morte do padroeiro do pa\u00eds europeu, [&hellip;]<\/p>\n","protected":false},"author":54,"featured_media":6746,"comment_status":"open","ping_status":"open","sticky":false,"template":"","format":"standard","meta":{"footnotes":""},"categories":[225],"tags":[716,715,388],"class_list":["post-6745","post","type-post","status-publish","format-standard","has-post-thumbnail","hentry","category-bares","tag-dia-de-sao-patricio","tag-living-hnk","tag-st-patricks-day"],"_links":{"self":[{"href":"https:\/\/blogs.correiobraziliense.com.br\/lianasabo\/wp-json\/wp\/v2\/posts\/6745","targetHints":{"allow":["GET"]}}],"collection":[{"href":"https:\/\/blogs.correiobraziliense.com.br\/lianasabo\/wp-json\/wp\/v2\/posts"}],"about":[{"href":"https:\/\/blogs.correiobraziliense.com.br\/lianasabo\/wp-json\/wp\/v2\/types\/post"}],"author":[{"embeddable":true,"href":"https:\/\/blogs.correiobraziliense.com.br\/lianasabo\/wp-json\/wp\/v2\/users\/54"}],"replies":[{"embeddable":true,"href":"https:\/\/blogs.correiobraziliense.com.br\/lianasabo\/wp-json\/wp\/v2\/comments?post=6745"}],"version-history":[{"count":1,"href":"https:\/\/blogs.correiobraziliense.com.br\/lianasabo\/wp-json\/wp\/v2\/posts\/6745\/revisions"}],"predecessor-version":[{"id":6747,"href":"https:\/\/blogs.correiobraziliense.com.br\/lianasabo\/wp-json\/wp\/v2\/posts\/6745\/revisions\/6747"}],"wp:featuredmedia":[{"embeddable":true,"href":"https:\/\/blogs.correiobraziliense.com.br\/lianasabo\/wp-json\/wp\/v2\/media\/6746"}],"wp:attachment":[{"href":"https:\/\/blogs.correiobraziliense.com.br\/lianasabo\/wp-json\/wp\/v2\/media?parent=6745"}],"wp:term":[{"taxonomy":"category","embeddable":true,"href":"https:\/\/blogs.correiobraziliense.com.br\/lianasabo\/wp-json\/wp\/v2\/categories?post=6745"},{"taxonomy":"post_tag","embeddable":true,"href":"https:\/\/blogs.correiobraziliense.com.br\/lianasabo\/wp-json\/wp\/v2\/tags?post=6745"}],"curies":[{"name":"wp","href":"https:\/\/api.w.org\/{rel}","templated":true}]}}