{"id":6742,"date":"2023-03-14T19:00:41","date_gmt":"2023-03-14T22:00:41","guid":{"rendered":"https:\/\/blogs.correiobraziliense.com.br\/lianasabo\/?p=6742"},"modified":"2023-03-14T19:00:41","modified_gmt":"2023-03-14T22:00:41","slug":"cultura-cervejeira-e-destaque-de-evento-em-shopping-da-cidade","status":"publish","type":"post","link":"https:\/\/blogs.correiobraziliense.com.br\/lianasabo\/cultura-cervejeira-e-destaque-de-evento-em-shopping-da-cidade\/","title":{"rendered":"Cultura cervejeira \u00e9 destaque de evento em shopping da cidade"},"content":{"rendered":"<p>Cervejeiros e cervejeiras, o festival Beer Week est\u00e1 de volta. De 16 a 19 de mar\u00e7o (quinta a domingo), a Pra\u00e7a Central do Casapark abrigar\u00e1 a nova edi\u00e7\u00e3o do evento. Lan\u00e7ada em 2016, a feira celebra a cultura das cervejarias com a participa\u00e7\u00e3o das principais marcas da bebida milenar. Stadt, Cusquenha, Go Brew, Campinas, Est\u00f3ria, Black Sheep, Cavalo Louco, Hop Capital, Gont\u2019s, \u00d3rbita Brewing e Corina est\u00e3o entre as confirmadas.<\/p>\n<p>Al\u00e9m da cerveja, a programa\u00e7\u00e3o conta com expositores de gastronomia e shows musicais. Participam do evento Dieb (pastas \u00e1rabes e quibe cru), Costumes Argentinas (empanadas), David Lamberger (caramelo belga), Esta\u00e7\u00e3o 61 (doces gigantes, Molhos Curitiba (molhos e temperos), Goyaz Carnes (embutidos), Caveiroll Store (copos e acess\u00f3rios cervejeiros), Vicentin Art (charcutaria), Emp\u00f3rio Capital (queijos), Wanna Brie (queijos veganos) e Pulled Pork Shop (pulled pork com coleslaw).<\/p>\n<p>A programa\u00e7\u00e3o musical ser\u00e1 de quinta a s\u00e1bado, a partir das 19h, com shows de\u00a0Fred Ramos (quinta-feira), DJ F\u00e1bio Neves (sexta-feira) e DJ F\u00e1bio Neves &amp; Funk\u2019In Trio (s\u00e1bado). No domingo a apresenta\u00e7\u00e3o \u00e9 mais cedo, \u00e0s 13h, com o DJ F\u00e1bio Neves e Pedro Berto Trio,<\/p>\n<p>Com entrada gratuita, o Beer Week ocorre na quinta-feira, das 16h \u00e0s 22h; na sexta-feira e no s\u00e1bado, das 12h \u00e0s 22h; e no domingo, das 12h \u00e0s 20h. O Casapark fica no SGCV Sul Lote 22, Park Sul. Telefone: (61) 3403-5300.<\/p>\n","protected":false},"excerpt":{"rendered":"<p>Cervejeiros e cervejeiras, o festival Beer Week est\u00e1 de volta. De 16 a 19 de mar\u00e7o (quinta a domingo), a Pra\u00e7a Central do Casapark abrigar\u00e1 a nova edi\u00e7\u00e3o do evento. Lan\u00e7ada em 2016, a feira celebra a cultura das cervejarias com a participa\u00e7\u00e3o das principais marcas da bebida milenar. Stadt, Cusquenha, Go Brew, Campinas, Est\u00f3ria, Black Sheep, Cavalo Louco, Hop [&hellip;]<\/p>\n","protected":false},"author":54,"featured_media":6743,"comment_status":"open","ping_status":"open","sticky":false,"template":"","format":"standard","meta":{"footnotes":""},"categories":[475,201],"tags":[594,570,54],"class_list":["post-6742","post","type-post","status-publish","format-standard","has-post-thumbnail","hentry","category-bebida","category-festival","tag-beer-week","tag-cerveja","tag-festival"],"_links":{"self":[{"href":"https:\/\/blogs.correiobraziliense.com.br\/lianasabo\/wp-json\/wp\/v2\/posts\/6742","targetHints":{"allow":["GET"]}}],"collection":[{"href":"https:\/\/blogs.correiobraziliense.com.br\/lianasabo\/wp-json\/wp\/v2\/posts"}],"about":[{"href":"https:\/\/blogs.correiobraziliense.com.br\/lianasabo\/wp-json\/wp\/v2\/types\/post"}],"author":[{"embeddable":true,"href":"https:\/\/blogs.correiobraziliense.com.br\/lianasabo\/wp-json\/wp\/v2\/users\/54"}],"replies":[{"embeddable":true,"href":"https:\/\/blogs.correiobraziliense.com.br\/lianasabo\/wp-json\/wp\/v2\/comments?post=6742"}],"version-history":[{"count":1,"href":"https:\/\/blogs.correiobraziliense.com.br\/lianasabo\/wp-json\/wp\/v2\/posts\/6742\/revisions"}],"predecessor-version":[{"id":6744,"href":"https:\/\/blogs.correiobraziliense.com.br\/lianasabo\/wp-json\/wp\/v2\/posts\/6742\/revisions\/6744"}],"wp:featuredmedia":[{"embeddable":true,"href":"https:\/\/blogs.correiobraziliense.com.br\/lianasabo\/wp-json\/wp\/v2\/media\/6743"}],"wp:attachment":[{"href":"https:\/\/blogs.correiobraziliense.com.br\/lianasabo\/wp-json\/wp\/v2\/media?parent=6742"}],"wp:term":[{"taxonomy":"category","embeddable":true,"href":"https:\/\/blogs.correiobraziliense.com.br\/lianasabo\/wp-json\/wp\/v2\/categories?post=6742"},{"taxonomy":"post_tag","embeddable":true,"href":"https:\/\/blogs.correiobraziliense.com.br\/lianasabo\/wp-json\/wp\/v2\/tags?post=6742"}],"curies":[{"name":"wp","href":"https:\/\/api.w.org\/{rel}","templated":true}]}}