{"id":6725,"date":"2023-03-10T06:31:23","date_gmt":"2023-03-10T09:31:23","guid":{"rendered":"https:\/\/blogs.correiobraziliense.com.br\/lianasabo\/?p=6725"},"modified":"2023-03-09T21:37:19","modified_gmt":"2023-03-10T00:37:19","slug":"comida-do-azerbaijao","status":"publish","type":"post","link":"https:\/\/blogs.correiobraziliense.com.br\/lianasabo\/comida-do-azerbaijao\/","title":{"rendered":"Comida do Azerbaij\u00e3o"},"content":{"rendered":"<p>S\u00f3 o arroz, chamado Plov, tem mais de 200 receitas preparadas com guisados de carne, peixe e vegetais, com muitas especiarias. Essa \u00e9 a base da culin\u00e1ria do Azerbaij\u00e3o, farta e colorida, sempre acompanhada pelo chorek, p\u00e3o t\u00edpico assado e servido um em cima do outro. Folhas frescas, como coentro, salsa, cebolinha e manjeric\u00e3o integram quase todos os pratos \u00e0 base de carneiro, aves, peixes do rio e do mar C\u00e1spio. S\u00f3 n\u00e3o tem carne de porco vedada pela religi\u00e3o mu\u00e7ulmana, segundo a qual \u201co alimento n\u00e3o deve nutrir apenas o corpo, mas tamb\u00e9m a alma\u201d.<\/p>\n<figure id=\"attachment_6736\" aria-describedby=\"caption-attachment-6736\" style=\"width: 768px\" class=\"wp-caption aligncenter\"><a href=\"https:\/\/blogs.correiobraziliense.com.br\/lianasabo\/wp-content\/uploads\/sites\/25\/2023\/03\/WhatsApp-Image-2023-03-09-at-21.16.58.jpeg\"><img loading=\"lazy\" decoding=\"async\" class=\"wp-image-6736 size-large\" src=\"https:\/\/blogs.correiobraziliense.com.br\/lianasabo\/wp-content\/uploads\/sites\/25\/2023\/03\/WhatsApp-Image-2023-03-09-at-21.16.58-768x1024.jpeg\" alt=\"\" width=\"768\" height=\"1024\" srcset=\"https:\/\/blogs.correiobraziliense.com.br\/lianasabo\/wp-content\/uploads\/sites\/25\/2023\/03\/WhatsApp-Image-2023-03-09-at-21.16.58.jpeg 768w, https:\/\/blogs.correiobraziliense.com.br\/lianasabo\/wp-content\/uploads\/sites\/25\/2023\/03\/WhatsApp-Image-2023-03-09-at-21.16.58-225x300.jpeg 225w, https:\/\/blogs.correiobraziliense.com.br\/lianasabo\/wp-content\/uploads\/sites\/25\/2023\/03\/WhatsApp-Image-2023-03-09-at-21.16.58-550x733.jpeg 550w, https:\/\/blogs.correiobraziliense.com.br\/lianasabo\/wp-content\/uploads\/sites\/25\/2023\/03\/WhatsApp-Image-2023-03-09-at-21.16.58-230x307.jpeg 230w\" sizes=\"auto, (max-width: 768px) 100vw, 768px\" \/><\/a><figcaption id=\"caption-attachment-6736\" class=\"wp-caption-text\">Charuto de folha de uva (Dolma) Cr\u00e9dito: Liana Sabo\/CB\/D.A Press<\/figcaption><\/figure>\n<p>Por isso os pratos s\u00e3o bem decorados. Quem sabe \u00e9 o jovem chef Halil Ceyhan Filho, de 19 anos, que pilotou banquete de pratos azerbaijaneses, alguns semelhantes aos \u00e1rabes, em refer\u00eancia aos 31 anos do Dia de Khojaly, importante data lembrada com a presen\u00e7a do embaixador daquele pa\u00eds no Brasil, Rashad Novruz. O jantar foi servido na sede da BRK, empresa de eventos de propriedade de Rafael Justus, no Lago Sul, onde atua o chef Halil. Telefone: 98409-1014.<\/p>\n","protected":false},"excerpt":{"rendered":"<p>S\u00f3 o arroz, chamado Plov, tem mais de 200 receitas preparadas com guisados de carne, peixe e vegetais, com muitas especiarias. Essa \u00e9 a base da culin\u00e1ria do Azerbaij\u00e3o, farta e colorida, sempre acompanhada pelo chorek, p\u00e3o t\u00edpico assado e servido um em cima do outro. Folhas frescas, como coentro, salsa, cebolinha e manjeric\u00e3o integram quase todos os pratos \u00e0 [&hellip;]<\/p>\n","protected":false},"author":54,"featured_media":6734,"comment_status":"open","ping_status":"open","sticky":false,"template":"","format":"standard","meta":{"footnotes":""},"categories":[1],"tags":[],"class_list":["post-6725","post","type-post","status-publish","format-standard","has-post-thumbnail","hentry","category-sem-categoria"],"_links":{"self":[{"href":"https:\/\/blogs.correiobraziliense.com.br\/lianasabo\/wp-json\/wp\/v2\/posts\/6725","targetHints":{"allow":["GET"]}}],"collection":[{"href":"https:\/\/blogs.correiobraziliense.com.br\/lianasabo\/wp-json\/wp\/v2\/posts"}],"about":[{"href":"https:\/\/blogs.correiobraziliense.com.br\/lianasabo\/wp-json\/wp\/v2\/types\/post"}],"author":[{"embeddable":true,"href":"https:\/\/blogs.correiobraziliense.com.br\/lianasabo\/wp-json\/wp\/v2\/users\/54"}],"replies":[{"embeddable":true,"href":"https:\/\/blogs.correiobraziliense.com.br\/lianasabo\/wp-json\/wp\/v2\/comments?post=6725"}],"version-history":[{"count":3,"href":"https:\/\/blogs.correiobraziliense.com.br\/lianasabo\/wp-json\/wp\/v2\/posts\/6725\/revisions"}],"predecessor-version":[{"id":6737,"href":"https:\/\/blogs.correiobraziliense.com.br\/lianasabo\/wp-json\/wp\/v2\/posts\/6725\/revisions\/6737"}],"wp:featuredmedia":[{"embeddable":true,"href":"https:\/\/blogs.correiobraziliense.com.br\/lianasabo\/wp-json\/wp\/v2\/media\/6734"}],"wp:attachment":[{"href":"https:\/\/blogs.correiobraziliense.com.br\/lianasabo\/wp-json\/wp\/v2\/media?parent=6725"}],"wp:term":[{"taxonomy":"category","embeddable":true,"href":"https:\/\/blogs.correiobraziliense.com.br\/lianasabo\/wp-json\/wp\/v2\/categories?post=6725"},{"taxonomy":"post_tag","embeddable":true,"href":"https:\/\/blogs.correiobraziliense.com.br\/lianasabo\/wp-json\/wp\/v2\/tags?post=6725"}],"curies":[{"name":"wp","href":"https:\/\/api.w.org\/{rel}","templated":true}]}}