{"id":6717,"date":"2023-03-08T19:53:03","date_gmt":"2023-03-08T22:53:03","guid":{"rendered":"https:\/\/blogs.correiobraziliense.com.br\/lianasabo\/?p=6717"},"modified":"2023-03-08T19:53:03","modified_gmt":"2023-03-08T22:53:03","slug":"panela-candanga-tem-primeira-edicao-de-2023","status":"publish","type":"post","link":"https:\/\/blogs.correiobraziliense.com.br\/lianasabo\/panela-candanga-tem-primeira-edicao-de-2023\/","title":{"rendered":"Panela Candanga tem primeira edi\u00e7\u00e3o de 2023"},"content":{"rendered":"<p>O evento Panela Candanga realiza entre 9 e 12 de mar\u00e7o a sua primeira edi\u00e7\u00e3o de 2023, na Pra\u00e7a Central do Casapark (SGCV Lote 220). Durante quatro dias, a feira ter\u00e1 comercializa\u00e7\u00e3o de queijos, chocolates, conservas, embutidos, cervejas e outros produtos artesanais feitos por produtores do Distrito Federal e de outros estados.<\/p>\n<figure id=\"attachment_6719\" aria-describedby=\"caption-attachment-6719\" style=\"width: 300px\" class=\"wp-caption alignleft\"><a href=\"https:\/\/blogs.correiobraziliense.com.br\/lianasabo\/wp-content\/uploads\/sites\/25\/2023\/03\/De-Planta-Focaccias-GranolasEmpadas-a-base-de-plantas-e-insumos-do-cerrado-Panela-Candanga-Casapark.jpg\"><img loading=\"lazy\" decoding=\"async\" class=\"size-medium wp-image-6719\" src=\"https:\/\/blogs.correiobraziliense.com.br\/lianasabo\/wp-content\/uploads\/sites\/25\/2023\/03\/De-Planta-Focaccias-GranolasEmpadas-a-base-de-plantas-e-insumos-do-cerrado-Panela-Candanga-Casapark-300x200.jpg\" alt=\"\" width=\"300\" height=\"200\" srcset=\"https:\/\/blogs.correiobraziliense.com.br\/lianasabo\/wp-content\/uploads\/sites\/25\/2023\/03\/De-Planta-Focaccias-GranolasEmpadas-a-base-de-plantas-e-insumos-do-cerrado-Panela-Candanga-Casapark-300x200.jpg 300w, https:\/\/blogs.correiobraziliense.com.br\/lianasabo\/wp-content\/uploads\/sites\/25\/2023\/03\/De-Planta-Focaccias-GranolasEmpadas-a-base-de-plantas-e-insumos-do-cerrado-Panela-Candanga-Casapark-768x512.jpg 768w, https:\/\/blogs.correiobraziliense.com.br\/lianasabo\/wp-content\/uploads\/sites\/25\/2023\/03\/De-Planta-Focaccias-GranolasEmpadas-a-base-de-plantas-e-insumos-do-cerrado-Panela-Candanga-Casapark.jpg 800w, https:\/\/blogs.correiobraziliense.com.br\/lianasabo\/wp-content\/uploads\/sites\/25\/2023\/03\/De-Planta-Focaccias-GranolasEmpadas-a-base-de-plantas-e-insumos-do-cerrado-Panela-Candanga-Casapark-550x366.jpg 550w, https:\/\/blogs.correiobraziliense.com.br\/lianasabo\/wp-content\/uploads\/sites\/25\/2023\/03\/De-Planta-Focaccias-GranolasEmpadas-a-base-de-plantas-e-insumos-do-cerrado-Panela-Candanga-Casapark-230x153.jpg 230w\" sizes=\"auto, (max-width: 300px) 100vw, 300px\" \/><\/a><figcaption id=\"caption-attachment-6719\" class=\"wp-caption-text\">De Planta comercializa focaccias, granolas, empadas a base de plantas e insumos do cerrado. Cr\u00e9dito: Casapark\/Divulga\u00e7\u00e3o<\/figcaption><\/figure>\n<p>Participam do evento os expositores Colmanetti Pani Speciali, Goy\u00e1s Defumados, Wanna Brie Queijaria Viva Vegetal, Corina Cervejas Artesanais, Capital Emp\u00f3rio Queijos Artesanais, Chef David Lemberger, Api\u00e1rio dos Sonhos, Chimichurri Costumes Argentinas, Wine Day Group, Cake &amp; Health, Pa\u00e7ocarne, Ju Vaz Sweet Life, Ad\u00ea Culin\u00e1ria Saud\u00e1vel, Saholi Ch\u00e1s Blends, Pi\u00f1on Torroneria, Leo Cacau de Origem, Fine n\u2019 Rolls, Gree Cozinha Inclusiva + Quiches da Guida, Kc Fermentados, De Planta, Doces Gigante Tenta\u00e7\u00e3o, Nutrola Granola Artesanal Premium, Caf\u00e9 Honesta, I.Guarias Queijos Artesanais, Pudim dos Anjos, Quero Pipoca Gourmet e Bolo da Ivone.<\/p>\n<p>Tamb\u00e9m est\u00e3o previstas aulas-shows para adultos e crian\u00e7as com direito a degusta\u00e7\u00e3o. Entre os temas est\u00e3o harmoniza\u00e7\u00e3o de queijos e cervejas artesanais, coquetelaria, cupcakes decorados e caf\u00e9s especiais. Os cursos s\u00e3o gratuitos e t\u00eam vagas limitadas. As inscri\u00e7\u00f5es podem ser feitas pelo site <a href=\"https:\/\/www.sympla.com.br\/evento\/feira-panela-candanga\/1896743\">Sympla<\/a>.<\/p>\n<p>Com produ\u00e7\u00e3o e curadoria de Carol Monteiro, Luciana Fabrino Alcamim e cenografia de Gracilene Bessa, produtoras culturais atuantes no mercado de eventos gastron\u00f4micos da cidade h\u00e1 alguns anos, a Feira Panela Candanga \u00e9 um convite ao p\u00fablico para conhecer, experimentar e levar para casa, os mais diversos sabores de Bras\u00edlia, do Brasil e do mundo.<\/p>\n<p>A Panela Candanga funciona de quinta a s\u00e1bado, das 12h \u00e0s 21h30, e no domingo, das 12h \u00e0s 20h. O Casapark fica no SGCV Lote 22, Park Sul \u2013 Bras\u00edlia. Telefone: (61) 3403-5300.<\/p>\n","protected":false},"excerpt":{"rendered":"<p>O evento Panela Candanga realiza entre 9 e 12 de mar\u00e7o a sua primeira edi\u00e7\u00e3o de 2023, na Pra\u00e7a Central do Casapark (SGCV Lote 220). Durante quatro dias, a feira ter\u00e1 comercializa\u00e7\u00e3o de queijos, chocolates, conservas, embutidos, cervejas e outros produtos artesanais feitos por produtores do Distrito Federal e de outros estados. Participam do evento os expositores Colmanetti Pani Speciali, [&hellip;]<\/p>\n","protected":false},"author":54,"featured_media":6718,"comment_status":"open","ping_status":"open","sticky":false,"template":"","format":"standard","meta":{"footnotes":""},"categories":[201],"tags":[185,36],"class_list":["post-6717","post","type-post","status-publish","format-standard","has-post-thumbnail","hentry","category-festival","tag-casapark","tag-panela-candanga"],"_links":{"self":[{"href":"https:\/\/blogs.correiobraziliense.com.br\/lianasabo\/wp-json\/wp\/v2\/posts\/6717","targetHints":{"allow":["GET"]}}],"collection":[{"href":"https:\/\/blogs.correiobraziliense.com.br\/lianasabo\/wp-json\/wp\/v2\/posts"}],"about":[{"href":"https:\/\/blogs.correiobraziliense.com.br\/lianasabo\/wp-json\/wp\/v2\/types\/post"}],"author":[{"embeddable":true,"href":"https:\/\/blogs.correiobraziliense.com.br\/lianasabo\/wp-json\/wp\/v2\/users\/54"}],"replies":[{"embeddable":true,"href":"https:\/\/blogs.correiobraziliense.com.br\/lianasabo\/wp-json\/wp\/v2\/comments?post=6717"}],"version-history":[{"count":1,"href":"https:\/\/blogs.correiobraziliense.com.br\/lianasabo\/wp-json\/wp\/v2\/posts\/6717\/revisions"}],"predecessor-version":[{"id":6720,"href":"https:\/\/blogs.correiobraziliense.com.br\/lianasabo\/wp-json\/wp\/v2\/posts\/6717\/revisions\/6720"}],"wp:featuredmedia":[{"embeddable":true,"href":"https:\/\/blogs.correiobraziliense.com.br\/lianasabo\/wp-json\/wp\/v2\/media\/6718"}],"wp:attachment":[{"href":"https:\/\/blogs.correiobraziliense.com.br\/lianasabo\/wp-json\/wp\/v2\/media?parent=6717"}],"wp:term":[{"taxonomy":"category","embeddable":true,"href":"https:\/\/blogs.correiobraziliense.com.br\/lianasabo\/wp-json\/wp\/v2\/categories?post=6717"},{"taxonomy":"post_tag","embeddable":true,"href":"https:\/\/blogs.correiobraziliense.com.br\/lianasabo\/wp-json\/wp\/v2\/tags?post=6717"}],"curies":[{"name":"wp","href":"https:\/\/api.w.org\/{rel}","templated":true}]}}