{"id":6696,"date":"2023-03-03T06:06:34","date_gmt":"2023-03-03T09:06:34","guid":{"rendered":"https:\/\/blogs.correiobraziliense.com.br\/lianasabo\/?p=6696"},"modified":"2023-03-02T21:14:13","modified_gmt":"2023-03-03T00:14:13","slug":"mais-uma-unidade-da-franquia-cheirin-bao-no-df","status":"publish","type":"post","link":"https:\/\/blogs.correiobraziliense.com.br\/lianasabo\/mais-uma-unidade-da-franquia-cheirin-bao-no-df\/","title":{"rendered":"Mais uma unidade da franquia Cheirin B\u00e3o no DF"},"content":{"rendered":"<p>O oitavo Cheirin B\u00e3o no DF, um mix de cafeteria e emp\u00f3rio, que como o nome sugere nasceu em Minas e tem na Serra da Mantiqueira a principal parceria no fornecimento de caf\u00e9s especiais, se instalou na 104 Sul, Bloco B, onde o rest\u00f4\/caf\u00e9 Kali n\u00e3o chegou a completar um ano. Agora, a grife mineira veio pelas m\u00e3os de Luana Martins, jovem empres\u00e1ria do ramo de mesa posta (era dona da Ess\u00eancia Herdada), que se encantou com a franquia de caf\u00e9 e lanches. No menu h\u00e1 broa, bolo e p\u00e3es assados, com destaque para o p\u00e3o de queijo, que pode vir com lingui\u00e7a (R$ 17,50), e waffles \u2013 do tradicional \u00e0 cobertura de p\u00e3o de queijo recheado de lombo, queijo e geleia de abacaxi com pimenta (R$ 22,90).<\/p>\n<div id='gallery-1' class='gallery galleryid-6696 gallery-columns-3 gallery-size-full'><figure class='gallery-item'>\n\t\t\t<div class='gallery-icon landscape'>\n\t\t\t\t<a href='https:\/\/blogs.correiobraziliense.com.br\/lianasabo\/mais-uma-unidade-da-franquia-cheirin-bao-no-df\/whatsapp-image-2023-02-27-at-19-09-40\/'><img loading=\"lazy\" decoding=\"async\" width=\"800\" height=\"600\" src=\"https:\/\/blogs.correiobraziliense.com.br\/lianasabo\/wp-content\/uploads\/sites\/25\/2023\/03\/WhatsApp-Image-2023-02-27-at-19.09.40.jpeg\" class=\"attachment-full size-full\" alt=\"\" aria-describedby=\"gallery-1-6699\" srcset=\"https:\/\/blogs.correiobraziliense.com.br\/lianasabo\/wp-content\/uploads\/sites\/25\/2023\/03\/WhatsApp-Image-2023-02-27-at-19.09.40.jpeg 800w, https:\/\/blogs.correiobraziliense.com.br\/lianasabo\/wp-content\/uploads\/sites\/25\/2023\/03\/WhatsApp-Image-2023-02-27-at-19.09.40-300x225.jpeg 300w, https:\/\/blogs.correiobraziliense.com.br\/lianasabo\/wp-content\/uploads\/sites\/25\/2023\/03\/WhatsApp-Image-2023-02-27-at-19.09.40-768x576.jpeg 768w, https:\/\/blogs.correiobraziliense.com.br\/lianasabo\/wp-content\/uploads\/sites\/25\/2023\/03\/WhatsApp-Image-2023-02-27-at-19.09.40-550x413.jpeg 550w, https:\/\/blogs.correiobraziliense.com.br\/lianasabo\/wp-content\/uploads\/sites\/25\/2023\/03\/WhatsApp-Image-2023-02-27-at-19.09.40-230x173.jpeg 230w\" sizes=\"auto, (max-width: 800px) 100vw, 800px\" \/><\/a>\n\t\t\t<\/div>\n\t\t\t\t<figcaption class='wp-caption-text gallery-caption' id='gallery-1-6699'>\n\t\t\t\tWaffle. Cr\u00e9dito: Liana Sabo\/CB\/D.A Press\n\t\t\t\t<\/figcaption><\/figure><figure class='gallery-item'>\n\t\t\t<div class='gallery-icon landscape'>\n\t\t\t\t<a href='https:\/\/blogs.correiobraziliense.com.br\/lianasabo\/mais-uma-unidade-da-franquia-cheirin-bao-no-df\/whatsapp-image-2023-02-27-at-19-09-09\/'><img loading=\"lazy\" decoding=\"async\" width=\"800\" height=\"600\" src=\"https:\/\/blogs.correiobraziliense.com.br\/lianasabo\/wp-content\/uploads\/sites\/25\/2023\/03\/WhatsApp-Image-2023-02-27-at-19.09.09.jpeg\" class=\"attachment-full size-full\" alt=\"\" aria-describedby=\"gallery-1-6700\" srcset=\"https:\/\/blogs.correiobraziliense.com.br\/lianasabo\/wp-content\/uploads\/sites\/25\/2023\/03\/WhatsApp-Image-2023-02-27-at-19.09.09.jpeg 800w, https:\/\/blogs.correiobraziliense.com.br\/lianasabo\/wp-content\/uploads\/sites\/25\/2023\/03\/WhatsApp-Image-2023-02-27-at-19.09.09-300x225.jpeg 300w, https:\/\/blogs.correiobraziliense.com.br\/lianasabo\/wp-content\/uploads\/sites\/25\/2023\/03\/WhatsApp-Image-2023-02-27-at-19.09.09-768x576.jpeg 768w, https:\/\/blogs.correiobraziliense.com.br\/lianasabo\/wp-content\/uploads\/sites\/25\/2023\/03\/WhatsApp-Image-2023-02-27-at-19.09.09-550x413.jpeg 550w, https:\/\/blogs.correiobraziliense.com.br\/lianasabo\/wp-content\/uploads\/sites\/25\/2023\/03\/WhatsApp-Image-2023-02-27-at-19.09.09-230x173.jpeg 230w\" sizes=\"auto, (max-width: 800px) 100vw, 800px\" \/><\/a>\n\t\t\t<\/div>\n\t\t\t\t<figcaption class='wp-caption-text gallery-caption' id='gallery-1-6700'>\n\t\t\t\tCr\u00e9dito: Liana Sabo\/CB\/D.A Press\n\t\t\t\t<\/figcaption><\/figure><figure class='gallery-item'>\n\t\t\t<div class='gallery-icon portrait'>\n\t\t\t\t<a href='https:\/\/blogs.correiobraziliense.com.br\/lianasabo\/mais-uma-unidade-da-franquia-cheirin-bao-no-df\/whatsapp-image-2023-02-27-at-19-10-04\/'><img loading=\"lazy\" decoding=\"async\" width=\"768\" height=\"1024\" src=\"https:\/\/blogs.correiobraziliense.com.br\/lianasabo\/wp-content\/uploads\/sites\/25\/2023\/03\/WhatsApp-Image-2023-02-27-at-19.10.04.jpeg\" class=\"attachment-full size-full\" alt=\"\" aria-describedby=\"gallery-1-6701\" srcset=\"https:\/\/blogs.correiobraziliense.com.br\/lianasabo\/wp-content\/uploads\/sites\/25\/2023\/03\/WhatsApp-Image-2023-02-27-at-19.10.04.jpeg 768w, https:\/\/blogs.correiobraziliense.com.br\/lianasabo\/wp-content\/uploads\/sites\/25\/2023\/03\/WhatsApp-Image-2023-02-27-at-19.10.04-225x300.jpeg 225w, https:\/\/blogs.correiobraziliense.com.br\/lianasabo\/wp-content\/uploads\/sites\/25\/2023\/03\/WhatsApp-Image-2023-02-27-at-19.10.04-550x733.jpeg 550w, https:\/\/blogs.correiobraziliense.com.br\/lianasabo\/wp-content\/uploads\/sites\/25\/2023\/03\/WhatsApp-Image-2023-02-27-at-19.10.04-230x307.jpeg 230w\" sizes=\"auto, (max-width: 768px) 100vw, 768px\" \/><\/a>\n\t\t\t<\/div>\n\t\t\t\t<figcaption class='wp-caption-text gallery-caption' id='gallery-1-6701'>\n\t\t\t\tCr\u00e9dito: Liana Sabo\/CB\/D.A Press\n\t\t\t\t<\/figcaption><\/figure><figure class='gallery-item'>\n\t\t\t<div class='gallery-icon landscape'>\n\t\t\t\t<a href='https:\/\/blogs.correiobraziliense.com.br\/lianasabo\/mais-uma-unidade-da-franquia-cheirin-bao-no-df\/whatsapp-image-2023-02-27-at-19-05-03\/'><img loading=\"lazy\" decoding=\"async\" width=\"800\" height=\"600\" src=\"https:\/\/blogs.correiobraziliense.com.br\/lianasabo\/wp-content\/uploads\/sites\/25\/2023\/03\/WhatsApp-Image-2023-02-27-at-19.05.03.jpeg\" class=\"attachment-full size-full\" alt=\"\" aria-describedby=\"gallery-1-6697\" srcset=\"https:\/\/blogs.correiobraziliense.com.br\/lianasabo\/wp-content\/uploads\/sites\/25\/2023\/03\/WhatsApp-Image-2023-02-27-at-19.05.03.jpeg 800w, https:\/\/blogs.correiobraziliense.com.br\/lianasabo\/wp-content\/uploads\/sites\/25\/2023\/03\/WhatsApp-Image-2023-02-27-at-19.05.03-300x225.jpeg 300w, https:\/\/blogs.correiobraziliense.com.br\/lianasabo\/wp-content\/uploads\/sites\/25\/2023\/03\/WhatsApp-Image-2023-02-27-at-19.05.03-768x576.jpeg 768w, https:\/\/blogs.correiobraziliense.com.br\/lianasabo\/wp-content\/uploads\/sites\/25\/2023\/03\/WhatsApp-Image-2023-02-27-at-19.05.03-550x413.jpeg 550w, https:\/\/blogs.correiobraziliense.com.br\/lianasabo\/wp-content\/uploads\/sites\/25\/2023\/03\/WhatsApp-Image-2023-02-27-at-19.05.03-230x173.jpeg 230w\" sizes=\"auto, (max-width: 800px) 100vw, 800px\" \/><\/a>\n\t\t\t<\/div>\n\t\t\t\t<figcaption class='wp-caption-text gallery-caption' id='gallery-1-6697'>\n\t\t\t\tCr\u00e9dito: Liana Sabo\/CB\/D.A Press\n\t\t\t\t<\/figcaption><\/figure>\n\t\t<\/div>\n\n<p>A casa tamb\u00e9m oferece saladinhas com quiche ou peito de peru, mas \u00e9 no universo cafeeiro o seu maior trunfo. S\u00e3o tr\u00eas gr\u00e3os especiais: B\u00e3o com notas de frutas vermelhas, Mi\u00f3, blend com notas c\u00edtricas e Moca, suave com aromas frutados, al\u00e9m do microlote que muda todo o m\u00eas. Voc\u00ea poder\u00e1 degust\u00e1-los puro e coado na hora e em deliciosas receitas, como o Affogato de sorvete de creme, caf\u00e9 espresso e calda de chocolate (R$ 17,90). Outra bebida refrescante \u00e9 Julieta e Romeu com creme de goiaba (R$ 16,90 240 ml). Dispon\u00edveis na prateleira onde h\u00e1 compotas de doces de leite com morango, goiabada e ambrosia, os caf\u00e9s tamb\u00e9m podem ser levados para casa em gr\u00e3os ou mo\u00eddos na hora. Funciona todos os dias, das 8h \u00e0s 20h.<\/p>\n","protected":false},"excerpt":{"rendered":"<p>O oitavo Cheirin B\u00e3o no DF, um mix de cafeteria e emp\u00f3rio, que como o nome sugere nasceu em Minas e tem na Serra da Mantiqueira a principal parceria no fornecimento de caf\u00e9s especiais, se instalou na 104 Sul, Bloco B, onde o rest\u00f4\/caf\u00e9 Kali n\u00e3o chegou a completar um ano. Agora, a grife mineira veio pelas m\u00e3os de Luana [&hellip;]<\/p>\n","protected":false},"author":54,"featured_media":6698,"comment_status":"open","ping_status":"open","sticky":false,"template":"","format":"standard","meta":{"footnotes":""},"categories":[211],"tags":[17,60,707],"class_list":["post-6696","post","type-post","status-publish","format-standard","has-post-thumbnail","hentry","category-cafes","tag-asa-sul","tag-cafe","tag-cheirin-bao"],"_links":{"self":[{"href":"https:\/\/blogs.correiobraziliense.com.br\/lianasabo\/wp-json\/wp\/v2\/posts\/6696","targetHints":{"allow":["GET"]}}],"collection":[{"href":"https:\/\/blogs.correiobraziliense.com.br\/lianasabo\/wp-json\/wp\/v2\/posts"}],"about":[{"href":"https:\/\/blogs.correiobraziliense.com.br\/lianasabo\/wp-json\/wp\/v2\/types\/post"}],"author":[{"embeddable":true,"href":"https:\/\/blogs.correiobraziliense.com.br\/lianasabo\/wp-json\/wp\/v2\/users\/54"}],"replies":[{"embeddable":true,"href":"https:\/\/blogs.correiobraziliense.com.br\/lianasabo\/wp-json\/wp\/v2\/comments?post=6696"}],"version-history":[{"count":1,"href":"https:\/\/blogs.correiobraziliense.com.br\/lianasabo\/wp-json\/wp\/v2\/posts\/6696\/revisions"}],"predecessor-version":[{"id":6702,"href":"https:\/\/blogs.correiobraziliense.com.br\/lianasabo\/wp-json\/wp\/v2\/posts\/6696\/revisions\/6702"}],"wp:featuredmedia":[{"embeddable":true,"href":"https:\/\/blogs.correiobraziliense.com.br\/lianasabo\/wp-json\/wp\/v2\/media\/6698"}],"wp:attachment":[{"href":"https:\/\/blogs.correiobraziliense.com.br\/lianasabo\/wp-json\/wp\/v2\/media?parent=6696"}],"wp:term":[{"taxonomy":"category","embeddable":true,"href":"https:\/\/blogs.correiobraziliense.com.br\/lianasabo\/wp-json\/wp\/v2\/categories?post=6696"},{"taxonomy":"post_tag","embeddable":true,"href":"https:\/\/blogs.correiobraziliense.com.br\/lianasabo\/wp-json\/wp\/v2\/tags?post=6696"}],"curies":[{"name":"wp","href":"https:\/\/api.w.org\/{rel}","templated":true}]}}