{"id":6689,"date":"2023-03-03T06:50:05","date_gmt":"2023-03-03T09:50:05","guid":{"rendered":"https:\/\/blogs.correiobraziliense.com.br\/lianasabo\/?p=6689"},"modified":"2023-03-03T09:38:18","modified_gmt":"2023-03-03T12:38:18","slug":"iguarias-sem-gluten-desenvolvidas-por-denise-godinho-no-menu-da-saucker","status":"publish","type":"post","link":"https:\/\/blogs.correiobraziliense.com.br\/lianasabo\/iguarias-sem-gluten-desenvolvidas-por-denise-godinho-no-menu-da-saucker\/","title":{"rendered":"Iguarias sem gl\u00faten desenvolvidas por Denise Godinho no menu da Saucker"},"content":{"rendered":"<p>Mineira de Montes Claros, a economista Denise Godinho ficou aflita quando recebeu, na d\u00e9cada de 1990, o diagn\u00f3stico de alergia a gl\u00faten de Jo\u00e3o Vitor, aos dois anos de idade. A primeira coisa que passou pela cabe\u00e7a da m\u00e3e foi: \u201cE agora como vou alimentar meu filho?\u201d Imediatamente, essa mulher determinada se p\u00f4s a pesquisar ingredientes e testar combina\u00e7\u00f5es para encontrar solu\u00e7\u00e3o para o problema alimentar do menino, que se transformou em desafio culin\u00e1rio.<\/p>\n<figure id=\"attachment_6691\" aria-describedby=\"caption-attachment-6691\" style=\"width: 300px\" class=\"wp-caption alignleft\"><a href=\"https:\/\/blogs.correiobraziliense.com.br\/lianasabo\/wp-content\/uploads\/sites\/25\/2023\/03\/Denise-\u00e9-escritora-do-Livro-Sabor-sem-gl\u00faten.jpg\"><img loading=\"lazy\" decoding=\"async\" class=\"size-medium wp-image-6691\" src=\"https:\/\/blogs.correiobraziliense.com.br\/lianasabo\/wp-content\/uploads\/sites\/25\/2023\/03\/Denise-\u00e9-escritora-do-Livro-Sabor-sem-gl\u00faten-300x200.jpg\" alt=\"\" width=\"300\" height=\"200\" srcset=\"https:\/\/blogs.correiobraziliense.com.br\/lianasabo\/wp-content\/uploads\/sites\/25\/2023\/03\/Denise-\u00e9-escritora-do-Livro-Sabor-sem-gl\u00faten-300x200.jpg 300w, https:\/\/blogs.correiobraziliense.com.br\/lianasabo\/wp-content\/uploads\/sites\/25\/2023\/03\/Denise-\u00e9-escritora-do-Livro-Sabor-sem-gl\u00faten-768x512.jpg 768w, https:\/\/blogs.correiobraziliense.com.br\/lianasabo\/wp-content\/uploads\/sites\/25\/2023\/03\/Denise-\u00e9-escritora-do-Livro-Sabor-sem-gl\u00faten.jpg 800w, https:\/\/blogs.correiobraziliense.com.br\/lianasabo\/wp-content\/uploads\/sites\/25\/2023\/03\/Denise-\u00e9-escritora-do-Livro-Sabor-sem-gl\u00faten-550x366.jpg 550w, https:\/\/blogs.correiobraziliense.com.br\/lianasabo\/wp-content\/uploads\/sites\/25\/2023\/03\/Denise-\u00e9-escritora-do-Livro-Sabor-sem-gl\u00faten-230x153.jpg 230w\" sizes=\"auto, (max-width: 300px) 100vw, 300px\" \/><\/a><figcaption id=\"caption-attachment-6691\" class=\"wp-caption-text\">Denise \u00e9 escritora do livro Sabor sem gl\u00faten. Cr\u00e9dito: Saucker\/Divulga\u00e7\u00e3o<\/figcaption><\/figure>\n<p>Excluindo a prote\u00edna do trigo de sua cozinha, Denise criou as pr\u00f3prias misturas de farinhas com as quais desenvolveu receitas de p\u00e3es, tortas, bolos e biscoitos deliciosos que puderam ser saboreados por toda a fam\u00edlia. At\u00e9 iguarias tradicionais, como bolo de chocolate, torta de frango, empadinhas, coxinhas e outras, foram obtidas sem gl\u00faten. \u201cElas n\u00e3o deixaram a desejar em rela\u00e7\u00e3o as feitas de farinha de trigo\u201d, atesta a chef, que se especializou na \u00e1rea a ponto de ser considerada refer\u00eancia na confeitaria sem gl\u00faten no Brasil.<\/p>\n<p><strong>Duas lojas<\/strong><\/p>\n<p>A experi\u00eancia da m\u00e3e que 20 anos atr\u00e1s n\u00e3o encontrou nada pronto para alimentar o filho al\u00e9rgico teve duas consequ\u00eancias para Denise Godinho: um livro e um neg\u00f3cio. Sabor sem gl\u00faten \u00e9 o nome da obra editada pela Ala\u00fade, que traz mais de 100 receitas testadas e aprovadas pela autora. O livro tamb\u00e9m d\u00e1 dicas de como manter a despensa livre do gl\u00faten e a cozinha cheia de guloseimas que agradam o paladar.<\/p>\n<p>A chef mineira assina todos os itens comercializados pela Saucker, marca de alimenta\u00e7\u00e3o inclusiva especializada em produtos sem gl\u00faten e sem l\u00e1cteos, da qual se tornou s\u00f3cia. Surgida no fim do ano passado, a franquia ostenta um nome derivado da s\u00edlaba de duas palavras alem\u00e3s: sauber, que significa limpo e lecker, gostoso. Foi fundada por outro mineiro Paulo Frias, que fez parte da empresa Seleve, de Belo Horizonte.<\/p>\n<div id='gallery-1' class='gallery galleryid-6689 gallery-columns-3 gallery-size-full'><figure class='gallery-item'>\n\t\t\t<div class='gallery-icon landscape'>\n\t\t\t\t<a href='https:\/\/blogs.correiobraziliense.com.br\/lianasabo\/iguarias-sem-gluten-desenvolvidas-por-denise-godinho-no-menu-da-saucker\/tartaletes-2\/'><img loading=\"lazy\" decoding=\"async\" width=\"800\" height=\"533\" src=\"https:\/\/blogs.correiobraziliense.com.br\/lianasabo\/wp-content\/uploads\/sites\/25\/2023\/03\/Tartaletes-2.jpg\" class=\"attachment-full size-full\" alt=\"\" aria-describedby=\"gallery-1-6692\" srcset=\"https:\/\/blogs.correiobraziliense.com.br\/lianasabo\/wp-content\/uploads\/sites\/25\/2023\/03\/Tartaletes-2.jpg 800w, https:\/\/blogs.correiobraziliense.com.br\/lianasabo\/wp-content\/uploads\/sites\/25\/2023\/03\/Tartaletes-2-300x200.jpg 300w, https:\/\/blogs.correiobraziliense.com.br\/lianasabo\/wp-content\/uploads\/sites\/25\/2023\/03\/Tartaletes-2-768x512.jpg 768w, https:\/\/blogs.correiobraziliense.com.br\/lianasabo\/wp-content\/uploads\/sites\/25\/2023\/03\/Tartaletes-2-550x366.jpg 550w, https:\/\/blogs.correiobraziliense.com.br\/lianasabo\/wp-content\/uploads\/sites\/25\/2023\/03\/Tartaletes-2-230x153.jpg 230w\" sizes=\"auto, (max-width: 800px) 100vw, 800px\" \/><\/a>\n\t\t\t<\/div>\n\t\t\t\t<figcaption class='wp-caption-text gallery-caption' id='gallery-1-6692'>\n\t\t\t\tTartalete. Cr\u00e9dito: Saucker\/Divulga\u00e7\u00e3o\n\t\t\t\t<\/figcaption><\/figure><figure class='gallery-item'>\n\t\t\t<div class='gallery-icon landscape'>\n\t\t\t\t<a href='https:\/\/blogs.correiobraziliense.com.br\/lianasabo\/iguarias-sem-gluten-desenvolvidas-por-denise-godinho-no-menu-da-saucker\/quiches\/'><img loading=\"lazy\" decoding=\"async\" width=\"800\" height=\"533\" src=\"https:\/\/blogs.correiobraziliense.com.br\/lianasabo\/wp-content\/uploads\/sites\/25\/2023\/03\/Quiches.jpg\" class=\"attachment-full size-full\" alt=\"\" aria-describedby=\"gallery-1-6693\" srcset=\"https:\/\/blogs.correiobraziliense.com.br\/lianasabo\/wp-content\/uploads\/sites\/25\/2023\/03\/Quiches.jpg 800w, https:\/\/blogs.correiobraziliense.com.br\/lianasabo\/wp-content\/uploads\/sites\/25\/2023\/03\/Quiches-300x200.jpg 300w, https:\/\/blogs.correiobraziliense.com.br\/lianasabo\/wp-content\/uploads\/sites\/25\/2023\/03\/Quiches-768x512.jpg 768w, https:\/\/blogs.correiobraziliense.com.br\/lianasabo\/wp-content\/uploads\/sites\/25\/2023\/03\/Quiches-550x366.jpg 550w, https:\/\/blogs.correiobraziliense.com.br\/lianasabo\/wp-content\/uploads\/sites\/25\/2023\/03\/Quiches-230x153.jpg 230w\" sizes=\"auto, (max-width: 800px) 100vw, 800px\" \/><\/a>\n\t\t\t<\/div>\n\t\t\t\t<figcaption class='wp-caption-text gallery-caption' id='gallery-1-6693'>\n\t\t\t\tQuiche. Cr\u00e9dito: Saucker\/Divulga\u00e7\u00e3o\n\t\t\t\t<\/figcaption><\/figure><figure class='gallery-item'>\n\t\t\t<div class='gallery-icon landscape'>\n\t\t\t\t<a href='https:\/\/blogs.correiobraziliense.com.br\/lianasabo\/iguarias-sem-gluten-desenvolvidas-por-denise-godinho-no-menu-da-saucker\/pizza-saucker\/'><img loading=\"lazy\" decoding=\"async\" width=\"800\" height=\"533\" src=\"https:\/\/blogs.correiobraziliense.com.br\/lianasabo\/wp-content\/uploads\/sites\/25\/2023\/03\/Pizza-Saucker.jpg\" class=\"attachment-full size-full\" alt=\"\" aria-describedby=\"gallery-1-6694\" srcset=\"https:\/\/blogs.correiobraziliense.com.br\/lianasabo\/wp-content\/uploads\/sites\/25\/2023\/03\/Pizza-Saucker.jpg 800w, https:\/\/blogs.correiobraziliense.com.br\/lianasabo\/wp-content\/uploads\/sites\/25\/2023\/03\/Pizza-Saucker-300x200.jpg 300w, https:\/\/blogs.correiobraziliense.com.br\/lianasabo\/wp-content\/uploads\/sites\/25\/2023\/03\/Pizza-Saucker-768x512.jpg 768w, https:\/\/blogs.correiobraziliense.com.br\/lianasabo\/wp-content\/uploads\/sites\/25\/2023\/03\/Pizza-Saucker-550x366.jpg 550w, https:\/\/blogs.correiobraziliense.com.br\/lianasabo\/wp-content\/uploads\/sites\/25\/2023\/03\/Pizza-Saucker-230x153.jpg 230w\" sizes=\"auto, (max-width: 800px) 100vw, 800px\" \/><\/a>\n\t\t\t<\/div>\n\t\t\t\t<figcaption class='wp-caption-text gallery-caption' id='gallery-1-6694'>\n\t\t\t\tPizza. Cr\u00e9dito: Saucker\/Divulga\u00e7\u00e3o\n\t\t\t\t<\/figcaption><\/figure>\n\t\t<\/div>\n\n<p>S\u00e3o mais de 200 op\u00e7\u00f5es entre p\u00e3es, bolos, mini-salgados, tortas, doces, antepastos, massas frescas e saladas, que podem ser embalados para levar e tamb\u00e9m servidos no bem instalado caf\u00e9 da Asa Norte, onde tem at\u00e9 pizzas feitas na hora. Paulo Frias destaca o fato de poder atender \u201cuma parcela da popula\u00e7\u00e3o (cel\u00edaca) que n\u00e3o se v\u00ea inclu\u00edda, por exemplo, quando est\u00e1 em reuni\u00f5es ou encontros onde a comida acaba sendo o centro das aten\u00e7\u00f5es\u201d.<\/p>\n<p>Saucker funciona de segunda a s\u00e1bado, das 8:30 \u00e0s 20h30 na SCRN 702\/703 Bloco H, loja 1, telefone 99932-9683 e das 9h \u00e0s 21h na Rua 33 Sul, edif\u00edcio Le Club, \u00c1guas Claras, telefone: 99697-6839.<\/p>\n","protected":false},"excerpt":{"rendered":"<p>Mineira de Montes Claros, a economista Denise Godinho ficou aflita quando recebeu, na d\u00e9cada de 1990, o diagn\u00f3stico de alergia a gl\u00faten de Jo\u00e3o Vitor, aos dois anos de idade. A primeira coisa que passou pela cabe\u00e7a da m\u00e3e foi: \u201cE agora como vou alimentar meu filho?\u201d Imediatamente, essa mulher determinada se p\u00f4s a pesquisar ingredientes e testar combina\u00e7\u00f5es para [&hellip;]<\/p>\n","protected":false},"author":54,"featured_media":6690,"comment_status":"open","ping_status":"open","sticky":false,"template":"","format":"standard","meta":{"footnotes":""},"categories":[326],"tags":[138,704,705,706],"class_list":["post-6689","post","type-post","status-publish","format-standard","has-post-thumbnail","hentry","category-restaurantes","tag-aguas-claras","tag-saucker","tag-sem-gluten","tag-sem-lactose"],"_links":{"self":[{"href":"https:\/\/blogs.correiobraziliense.com.br\/lianasabo\/wp-json\/wp\/v2\/posts\/6689","targetHints":{"allow":["GET"]}}],"collection":[{"href":"https:\/\/blogs.correiobraziliense.com.br\/lianasabo\/wp-json\/wp\/v2\/posts"}],"about":[{"href":"https:\/\/blogs.correiobraziliense.com.br\/lianasabo\/wp-json\/wp\/v2\/types\/post"}],"author":[{"embeddable":true,"href":"https:\/\/blogs.correiobraziliense.com.br\/lianasabo\/wp-json\/wp\/v2\/users\/54"}],"replies":[{"embeddable":true,"href":"https:\/\/blogs.correiobraziliense.com.br\/lianasabo\/wp-json\/wp\/v2\/comments?post=6689"}],"version-history":[{"count":2,"href":"https:\/\/blogs.correiobraziliense.com.br\/lianasabo\/wp-json\/wp\/v2\/posts\/6689\/revisions"}],"predecessor-version":[{"id":6708,"href":"https:\/\/blogs.correiobraziliense.com.br\/lianasabo\/wp-json\/wp\/v2\/posts\/6689\/revisions\/6708"}],"wp:featuredmedia":[{"embeddable":true,"href":"https:\/\/blogs.correiobraziliense.com.br\/lianasabo\/wp-json\/wp\/v2\/media\/6690"}],"wp:attachment":[{"href":"https:\/\/blogs.correiobraziliense.com.br\/lianasabo\/wp-json\/wp\/v2\/media?parent=6689"}],"wp:term":[{"taxonomy":"category","embeddable":true,"href":"https:\/\/blogs.correiobraziliense.com.br\/lianasabo\/wp-json\/wp\/v2\/categories?post=6689"},{"taxonomy":"post_tag","embeddable":true,"href":"https:\/\/blogs.correiobraziliense.com.br\/lianasabo\/wp-json\/wp\/v2\/tags?post=6689"}],"curies":[{"name":"wp","href":"https:\/\/api.w.org\/{rel}","templated":true}]}}