{"id":668,"date":"2016-11-11T09:00:26","date_gmt":"2016-11-11T11:00:26","guid":{"rendered":"https:\/\/blogs.correiobraziliense.com.br\/lianasabo\/?p=668"},"modified":"2016-11-10T17:24:26","modified_gmt":"2016-11-10T19:24:26","slug":"steak-bull-abre-quinta-feira-no-lugar-do-porcao","status":"publish","type":"post","link":"https:\/\/blogs.correiobraziliense.com.br\/lianasabo\/steak-bull-abre-quinta-feira-no-lugar-do-porcao\/","title":{"rendered":"Steak Bull abre quinta-feira no lugar do Porc\u00e3o"},"content":{"rendered":"<p>Menos de um ano depois de ter fechado as portas, no SCES, o Porc\u00e3o reabre com outro nome \u2014 Steak Bull \u2014, proposta ampliada e outro dono, que fez o imposs\u00edvel para recuperar a casa tal como era. \u201cV\u00e2ndalos tomaram de assalto as instala\u00e7\u00f5es e levaram at\u00e9 cano de \u00e1gua\u201d, diz o empres\u00e1rio Roberto Oliveira, de 49 anos, que manteve, o piso, os banheiros, o balc\u00e3o do bar, as lumin\u00e1rias e os pain\u00e9is art\u00edsticos do local, que ele frequentava e achava \u201cfenomenal\u201d.<\/p>\n<p>Dono de 14 academias de gin\u00e1stica e de outros neg\u00f3cios na \u00e1rea da banda larga, o novo restaurateur confessa que antes de assumir a reforma ficou sensibilizado com o saudosismo dos antigos clientes. \u201cAt\u00e9 hoje para t\u00e1xi na porta trazendo cliente para almo\u00e7ar\u201d. A casa, de 700 lugares, ganhou uma varanda para o Lago. No rod\u00edzio (R$ 119), carnes nobres do Brasil e importadas, buf\u00ea de frios, frutos do mar e massas. O gerente ser\u00e1 Claudio Pitinga. Algum s\u00f3cio? \u201cSomos s\u00f3 eu e Deus\u201d, responde Roberto, que abre o Steak Bull, quinta-feira. Telefones: 3236-8818 e 3223-6031.<\/p>\n","protected":false},"excerpt":{"rendered":"<p>Menos de um ano depois de ter fechado as portas, no SCES, o Porc\u00e3o reabre com outro nome \u2014 Steak Bull \u2014, proposta ampliada e outro dono, que fez o imposs\u00edvel para recuperar a casa tal como era. \u201cV\u00e2ndalos tomaram de assalto as instala\u00e7\u00f5es e levaram at\u00e9 cano de \u00e1gua\u201d, diz o empres\u00e1rio Roberto Oliveira, de 49 anos, que manteve, [&hellip;]<\/p>\n","protected":false},"author":54,"featured_media":669,"comment_status":"open","ping_status":"open","sticky":false,"template":"","format":"standard","meta":{"footnotes":""},"categories":[1],"tags":[],"class_list":["post-668","post","type-post","status-publish","format-standard","has-post-thumbnail","hentry","category-sem-categoria"],"_links":{"self":[{"href":"https:\/\/blogs.correiobraziliense.com.br\/lianasabo\/wp-json\/wp\/v2\/posts\/668","targetHints":{"allow":["GET"]}}],"collection":[{"href":"https:\/\/blogs.correiobraziliense.com.br\/lianasabo\/wp-json\/wp\/v2\/posts"}],"about":[{"href":"https:\/\/blogs.correiobraziliense.com.br\/lianasabo\/wp-json\/wp\/v2\/types\/post"}],"author":[{"embeddable":true,"href":"https:\/\/blogs.correiobraziliense.com.br\/lianasabo\/wp-json\/wp\/v2\/users\/54"}],"replies":[{"embeddable":true,"href":"https:\/\/blogs.correiobraziliense.com.br\/lianasabo\/wp-json\/wp\/v2\/comments?post=668"}],"version-history":[{"count":1,"href":"https:\/\/blogs.correiobraziliense.com.br\/lianasabo\/wp-json\/wp\/v2\/posts\/668\/revisions"}],"predecessor-version":[{"id":670,"href":"https:\/\/blogs.correiobraziliense.com.br\/lianasabo\/wp-json\/wp\/v2\/posts\/668\/revisions\/670"}],"wp:featuredmedia":[{"embeddable":true,"href":"https:\/\/blogs.correiobraziliense.com.br\/lianasabo\/wp-json\/wp\/v2\/media\/669"}],"wp:attachment":[{"href":"https:\/\/blogs.correiobraziliense.com.br\/lianasabo\/wp-json\/wp\/v2\/media?parent=668"}],"wp:term":[{"taxonomy":"category","embeddable":true,"href":"https:\/\/blogs.correiobraziliense.com.br\/lianasabo\/wp-json\/wp\/v2\/categories?post=668"},{"taxonomy":"post_tag","embeddable":true,"href":"https:\/\/blogs.correiobraziliense.com.br\/lianasabo\/wp-json\/wp\/v2\/tags?post=668"}],"curies":[{"name":"wp","href":"https:\/\/api.w.org\/{rel}","templated":true}]}}