{"id":6673,"date":"2023-02-24T06:18:26","date_gmt":"2023-02-24T09:18:26","guid":{"rendered":"https:\/\/blogs.correiobraziliense.com.br\/lianasabo\/?p=6673"},"modified":"2023-02-23T20:20:20","modified_gmt":"2023-02-23T23:20:20","slug":"menu-da-taberna-lusitana-com-pratos-de-peixes-e-frutos-do-mar-relancados","status":"publish","type":"post","link":"https:\/\/blogs.correiobraziliense.com.br\/lianasabo\/menu-da-taberna-lusitana-com-pratos-de-peixes-e-frutos-do-mar-relancados\/","title":{"rendered":"Menu da Taberna Lusitana com pratos de peixes e frutos do mar relan\u00e7ados"},"content":{"rendered":"<p>De olho na quaresma, que come\u00e7ou anteontem e \u00e9 o per\u00edodo no qual a cristandade pratica o jejum ou se abst\u00e9m do consumo de carne vermelha, especialmente na sexta-feira, a Taberna Lusitana relan\u00e7a pratos de peixes e frutos do mar no card\u00e1pio. Como o polvo assado no forno com azeite temperado de p\u00e1prica, batatas ao murro, alho assado e tomate confit (R$ 165) e a caldeirada t\u00edpica portuguesa com peixes variados, mix de legumes e batata cozida (R$ 198 para duas pessoas). H\u00e1 boas entradas de camar\u00e3o, atum e lula \u00e0 dor\u00ea sem falar no carro-chefe da casa, que \u00e9 o bacalhau do Porto preparado em quatro vers\u00f5es distintas. Funciona todos os dias das 11h30 \u00e0s 23h30. Telefone: 98123-6353.<\/p>\n","protected":false},"excerpt":{"rendered":"<p>De olho na quaresma, que come\u00e7ou anteontem e \u00e9 o per\u00edodo no qual a cristandade pratica o jejum ou se abst\u00e9m do consumo de carne vermelha, especialmente na sexta-feira, a Taberna Lusitana relan\u00e7a pratos de peixes e frutos do mar no card\u00e1pio. Como o polvo assado no forno com azeite temperado de p\u00e1prica, batatas ao murro, alho assado e tomate [&hellip;]<\/p>\n","protected":false},"author":54,"featured_media":6674,"comment_status":"open","ping_status":"open","sticky":false,"template":"","format":"standard","meta":{"footnotes":""},"categories":[326],"tags":[697,698,699,338,346],"class_list":["post-6673","post","type-post","status-publish","format-standard","has-post-thumbnail","hentry","category-restaurantes","tag-frutos-do-mar","tag-peixe","tag-quaresma","tag-restaurante","tag-taberna-lusitana"],"_links":{"self":[{"href":"https:\/\/blogs.correiobraziliense.com.br\/lianasabo\/wp-json\/wp\/v2\/posts\/6673","targetHints":{"allow":["GET"]}}],"collection":[{"href":"https:\/\/blogs.correiobraziliense.com.br\/lianasabo\/wp-json\/wp\/v2\/posts"}],"about":[{"href":"https:\/\/blogs.correiobraziliense.com.br\/lianasabo\/wp-json\/wp\/v2\/types\/post"}],"author":[{"embeddable":true,"href":"https:\/\/blogs.correiobraziliense.com.br\/lianasabo\/wp-json\/wp\/v2\/users\/54"}],"replies":[{"embeddable":true,"href":"https:\/\/blogs.correiobraziliense.com.br\/lianasabo\/wp-json\/wp\/v2\/comments?post=6673"}],"version-history":[{"count":1,"href":"https:\/\/blogs.correiobraziliense.com.br\/lianasabo\/wp-json\/wp\/v2\/posts\/6673\/revisions"}],"predecessor-version":[{"id":6675,"href":"https:\/\/blogs.correiobraziliense.com.br\/lianasabo\/wp-json\/wp\/v2\/posts\/6673\/revisions\/6675"}],"wp:featuredmedia":[{"embeddable":true,"href":"https:\/\/blogs.correiobraziliense.com.br\/lianasabo\/wp-json\/wp\/v2\/media\/6674"}],"wp:attachment":[{"href":"https:\/\/blogs.correiobraziliense.com.br\/lianasabo\/wp-json\/wp\/v2\/media?parent=6673"}],"wp:term":[{"taxonomy":"category","embeddable":true,"href":"https:\/\/blogs.correiobraziliense.com.br\/lianasabo\/wp-json\/wp\/v2\/categories?post=6673"},{"taxonomy":"post_tag","embeddable":true,"href":"https:\/\/blogs.correiobraziliense.com.br\/lianasabo\/wp-json\/wp\/v2\/tags?post=6673"}],"curies":[{"name":"wp","href":"https:\/\/api.w.org\/{rel}","templated":true}]}}