{"id":6661,"date":"2023-02-23T20:01:52","date_gmt":"2023-02-23T23:01:52","guid":{"rendered":"https:\/\/blogs.correiobraziliense.com.br\/lianasabo\/?p=6661"},"modified":"2023-02-23T20:01:52","modified_gmt":"2023-02-23T23:01:52","slug":"mane-mercado-virgula-promove-festival-de-petiscos-ate-o-fim-do-mes","status":"publish","type":"post","link":"https:\/\/blogs.correiobraziliense.com.br\/lianasabo\/mane-mercado-virgula-promove-festival-de-petiscos-ate-o-fim-do-mes\/","title":{"rendered":"Man\u00e9 Mercado V\u00edrgula promove festival de petiscos at\u00e9 o fim do m\u00eas"},"content":{"rendered":"<p>At\u00e9 a pr\u00f3xima ter\u00e7a-feira (28), o Man\u00e9 Mercado V\u00edrgula continuar\u00e1 em clima de carnaval. A folia se estende pelo Festival de Boteco, evento com petiscos para o p\u00fablico curtir o happy hour a partir das 17h. Participam da programa\u00e7\u00e3o 15 opera\u00e7\u00f5es do complexo gastron\u00f4mico.<\/p>\n<p>Algumas casas optaram por incluir no card\u00e1pio do festival pratos com v\u00e1rios petiscos. \u00c9 o caso do Mar\u00e9 que oferece o mix mar\u00e9 com 10 unidades de bolinho de bacalhau e coxinha de camar\u00e3o, acompanhados de molho chimichurri (R$ 45).<\/p>\n<p>Na Casa Baco, a pedida \u00e9 a roda de boteco com coxinha de frango com catupiry, frittatine de lasanha \u00e0 bolonhesa, de berinjela \u00e0 parmegiana e de carbonara, bolinho de bob\u00f3 de camar\u00e3o e de capiau com lingui\u00e7a e requeij\u00e3o do sert\u00e3o (R$ 55).<\/p>\n<p>J\u00e1 o Superquadra apresenta a supert\u00e1bua, com croquete de carne de panela, pipoca de costela, alm\u00f4ndegas na parrilla e batata frita, servidos com combina\u00e7\u00e3o de molhos aioli de sriracha, mostarda, sour cream, piri-piri e parmes\u00e3o (R$ 99). O prato serve quatro pessoas.<\/p>\n<p>Tamb\u00e9m integram a programa\u00e7\u00e3o do festival as seguintes opera\u00e7\u00f5es: Casa Baco, Casa Doce, Caf\u00e9 e um Ch\u00earo, Capre, De Paulina, Lima, Marzuk, Meu Galeto, Ricco Burger, Strogonoff do Paulo Tarso, Pastel Mix, Teta e Tudo de Porco.<\/p>\n","protected":false},"excerpt":{"rendered":"<p>At\u00e9 a pr\u00f3xima ter\u00e7a-feira (28), o Man\u00e9 Mercado V\u00edrgula continuar\u00e1 em clima de carnaval. A folia se estende pelo Festival de Boteco, evento com petiscos para o p\u00fablico curtir o happy hour a partir das 17h. Participam da programa\u00e7\u00e3o 15 opera\u00e7\u00f5es do complexo gastron\u00f4mico. Algumas casas optaram por incluir no card\u00e1pio do festival pratos com v\u00e1rios petiscos. \u00c9 o caso [&hellip;]<\/p>\n","protected":false},"author":54,"featured_media":6662,"comment_status":"open","ping_status":"open","sticky":false,"template":"","format":"standard","meta":{"footnotes":""},"categories":[201],"tags":[693,54,692,37,650],"class_list":["post-6661","post","type-post","status-publish","format-standard","has-post-thumbnail","hentry","category-festival","tag-carnaval","tag-festival","tag-festival-de-boteco","tag-gastronomia","tag-mane-mercado"],"_links":{"self":[{"href":"https:\/\/blogs.correiobraziliense.com.br\/lianasabo\/wp-json\/wp\/v2\/posts\/6661","targetHints":{"allow":["GET"]}}],"collection":[{"href":"https:\/\/blogs.correiobraziliense.com.br\/lianasabo\/wp-json\/wp\/v2\/posts"}],"about":[{"href":"https:\/\/blogs.correiobraziliense.com.br\/lianasabo\/wp-json\/wp\/v2\/types\/post"}],"author":[{"embeddable":true,"href":"https:\/\/blogs.correiobraziliense.com.br\/lianasabo\/wp-json\/wp\/v2\/users\/54"}],"replies":[{"embeddable":true,"href":"https:\/\/blogs.correiobraziliense.com.br\/lianasabo\/wp-json\/wp\/v2\/comments?post=6661"}],"version-history":[{"count":1,"href":"https:\/\/blogs.correiobraziliense.com.br\/lianasabo\/wp-json\/wp\/v2\/posts\/6661\/revisions"}],"predecessor-version":[{"id":6663,"href":"https:\/\/blogs.correiobraziliense.com.br\/lianasabo\/wp-json\/wp\/v2\/posts\/6661\/revisions\/6663"}],"wp:featuredmedia":[{"embeddable":true,"href":"https:\/\/blogs.correiobraziliense.com.br\/lianasabo\/wp-json\/wp\/v2\/media\/6662"}],"wp:attachment":[{"href":"https:\/\/blogs.correiobraziliense.com.br\/lianasabo\/wp-json\/wp\/v2\/media?parent=6661"}],"wp:term":[{"taxonomy":"category","embeddable":true,"href":"https:\/\/blogs.correiobraziliense.com.br\/lianasabo\/wp-json\/wp\/v2\/categories?post=6661"},{"taxonomy":"post_tag","embeddable":true,"href":"https:\/\/blogs.correiobraziliense.com.br\/lianasabo\/wp-json\/wp\/v2\/tags?post=6661"}],"curies":[{"name":"wp","href":"https:\/\/api.w.org\/{rel}","templated":true}]}}