{"id":6648,"date":"2023-02-17T06:46:37","date_gmt":"2023-02-17T09:46:37","guid":{"rendered":"https:\/\/blogs.correiobraziliense.com.br\/lianasabo\/?p=6648"},"modified":"2023-02-16T20:51:32","modified_gmt":"2023-02-16T23:51:32","slug":"aquavit-fara-almoco-na-terca-feira-de-carnaval","status":"publish","type":"post","link":"https:\/\/blogs.correiobraziliense.com.br\/lianasabo\/aquavit-fara-almoco-na-terca-feira-de-carnaval\/","title":{"rendered":"Aquavit far\u00e1 almo\u00e7o na ter\u00e7a-feira de carnaval"},"content":{"rendered":"<p>Nos seus 20 anos de exist\u00eancia o Aquavit sempre foi conhecido como o belo espa\u00e7o noturno debru\u00e7ado sobre o lago norte onde se pratica a alta gastronomia, a partir da influ\u00eancia n\u00f3rdica trazida da Dinamarca pelo seu propriet\u00e1rio, o chef Simon Lau. Ele pr\u00f3prio reconhece que \u201cdeveria oferecer mais eventos \u00e0 luz do dia, porque a vista \u00e9 muito bonita, principalmente quando a tarde cai, pratos entram e saem e o vinho sobe deliciosamente \u00e0 cabe\u00e7a\u201d. Da\u00ed propor essa experi\u00eancia para a terceira-feira de carnaval, dia 21, com in\u00edcio \u00e0s 14h.<\/p>\n<p>No card\u00e1pio, sopa gelada de avocado e camar\u00e3o com pepino e dill; salada de siri com alface, toronja e ovas; salm\u00e3o defumado com aspargos e molho holandaise; peixe \u00e0 milanesa com remoulade e lim\u00e3o siciliano e fil\u00e9-mignon cortado na ponta da faca grelhado com crouton, ra\u00edz forte, beterraba e uma gema. De sobremesa, sorvete de iogurte de leite de cabra e am\u00eandoas. O outro chef e sommelier Bertil Tottenborg, igualmente dinamarqu\u00eas, harmonizar\u00e1 o menu com cerveja e vinho por R$ 450. Se preferir sem a harmoniza\u00e7\u00e3o sai por R$ 325. Reservas: 99994-9646.<\/p>\n","protected":false},"excerpt":{"rendered":"<p>Nos seus 20 anos de exist\u00eancia o Aquavit sempre foi conhecido como o belo espa\u00e7o noturno debru\u00e7ado sobre o lago norte onde se pratica a alta gastronomia, a partir da influ\u00eancia n\u00f3rdica trazida da Dinamarca pelo seu propriet\u00e1rio, o chef Simon Lau. Ele pr\u00f3prio reconhece que \u201cdeveria oferecer mais eventos \u00e0 luz do dia, porque a vista \u00e9 muito bonita, [&hellip;]<\/p>\n","protected":false},"author":54,"featured_media":6649,"comment_status":"open","ping_status":"open","sticky":false,"template":"","format":"standard","meta":{"footnotes":""},"categories":[486],"tags":[366,224],"class_list":["post-6648","post","type-post","status-publish","format-standard","has-post-thumbnail","hentry","category-evento","tag-almoco","tag-aquavit"],"_links":{"self":[{"href":"https:\/\/blogs.correiobraziliense.com.br\/lianasabo\/wp-json\/wp\/v2\/posts\/6648","targetHints":{"allow":["GET"]}}],"collection":[{"href":"https:\/\/blogs.correiobraziliense.com.br\/lianasabo\/wp-json\/wp\/v2\/posts"}],"about":[{"href":"https:\/\/blogs.correiobraziliense.com.br\/lianasabo\/wp-json\/wp\/v2\/types\/post"}],"author":[{"embeddable":true,"href":"https:\/\/blogs.correiobraziliense.com.br\/lianasabo\/wp-json\/wp\/v2\/users\/54"}],"replies":[{"embeddable":true,"href":"https:\/\/blogs.correiobraziliense.com.br\/lianasabo\/wp-json\/wp\/v2\/comments?post=6648"}],"version-history":[{"count":1,"href":"https:\/\/blogs.correiobraziliense.com.br\/lianasabo\/wp-json\/wp\/v2\/posts\/6648\/revisions"}],"predecessor-version":[{"id":6650,"href":"https:\/\/blogs.correiobraziliense.com.br\/lianasabo\/wp-json\/wp\/v2\/posts\/6648\/revisions\/6650"}],"wp:featuredmedia":[{"embeddable":true,"href":"https:\/\/blogs.correiobraziliense.com.br\/lianasabo\/wp-json\/wp\/v2\/media\/6649"}],"wp:attachment":[{"href":"https:\/\/blogs.correiobraziliense.com.br\/lianasabo\/wp-json\/wp\/v2\/media?parent=6648"}],"wp:term":[{"taxonomy":"category","embeddable":true,"href":"https:\/\/blogs.correiobraziliense.com.br\/lianasabo\/wp-json\/wp\/v2\/categories?post=6648"},{"taxonomy":"post_tag","embeddable":true,"href":"https:\/\/blogs.correiobraziliense.com.br\/lianasabo\/wp-json\/wp\/v2\/tags?post=6648"}],"curies":[{"name":"wp","href":"https:\/\/api.w.org\/{rel}","templated":true}]}}