{"id":664,"date":"2016-11-11T08:40:48","date_gmt":"2016-11-11T10:40:48","guid":{"rendered":"https:\/\/blogs.correiobraziliense.com.br\/lianasabo\/?p=664"},"modified":"2016-11-10T17:20:14","modified_gmt":"2016-11-10T19:20:14","slug":"restaurante-sante-13-completa-quatro-anos-com-novidades","status":"publish","type":"post","link":"https:\/\/blogs.correiobraziliense.com.br\/lianasabo\/restaurante-sante-13-completa-quatro-anos-com-novidades\/","title":{"rendered":"Restaurante Sant\u00e9 13 completa quatro anos com novidades"},"content":{"rendered":"<p><span style=\"font-family: Utopia,sans-serif\"><span style=\"font-size: small\">Mais bonito que h\u00e1 quatro anos, quando abriu as portas na 413 Norte \u2013 por conta do jardim de verdes vivos que ao crescerem dar\u00e3o um up ao visual do painel vazado e iluminado por velas de Nardim J\u00fanior \u2013, o Sant\u00e9 13 comemora este m\u00eas quatro anos. A data traz duas novidades: menu renovado e a volta do chef Divino Barbosa, quem primeiro assumiu as ca\u00e7arolas depois da consultoria paulistana trazida por Carlos Bertolazzi e Isabela Cordaro.<\/p>\n<p><\/span><\/span><\/p>\n<figure id=\"attachment_666\" aria-describedby=\"caption-attachment-666\" style=\"width: 703px\" class=\"wp-caption aligncenter\"><a href=\"https:\/\/blogs.correiobraziliense.com.br\/lianasabo\/wp-content\/uploads\/sites\/25\/2016\/11\/blog-sante.jpg\" rel=\"attachment wp-att-666\"><img loading=\"lazy\" decoding=\"async\" class=\"wp-image-666 size-large\" src=\"https:\/\/blogs.correiobraziliense.com.br\/lianasabo\/wp-content\/uploads\/sites\/25\/2016\/11\/blog-sante-703x1024.jpg\" alt=\"2016. Cr\u00e9dito: Oswaldo Scafuto\/Divulga\u00e7\u00e3o. Restaurante Sant\u00e9 13 comemora 4 anos com novidades no card\u00e1pio. Polvo Del\u00edcia com Teriyaki (tent\u00e1culo grelhado sobre creme wasabi, acompanhado de caponata a modo mio).\" width=\"703\" height=\"1024\" srcset=\"https:\/\/blogs.correiobraziliense.com.br\/lianasabo\/wp-content\/uploads\/sites\/25\/2016\/11\/blog-sante-703x1024.jpg 703w, https:\/\/blogs.correiobraziliense.com.br\/lianasabo\/wp-content\/uploads\/sites\/25\/2016\/11\/blog-sante-206x300.jpg 206w, https:\/\/blogs.correiobraziliense.com.br\/lianasabo\/wp-content\/uploads\/sites\/25\/2016\/11\/blog-sante-768x1119.jpg 768w, https:\/\/blogs.correiobraziliense.com.br\/lianasabo\/wp-content\/uploads\/sites\/25\/2016\/11\/blog-sante-550x802.jpg 550w, https:\/\/blogs.correiobraziliense.com.br\/lianasabo\/wp-content\/uploads\/sites\/25\/2016\/11\/blog-sante-230x335.jpg 230w, https:\/\/blogs.correiobraziliense.com.br\/lianasabo\/wp-content\/uploads\/sites\/25\/2016\/11\/blog-sante.jpg 800w\" sizes=\"auto, (max-width: 703px) 100vw, 703px\" \/><\/a><figcaption id=\"caption-attachment-666\" class=\"wp-caption-text\">Cr\u00e9dito: Oswaldo Scafuto\/Divulga\u00e7\u00e3o.<\/figcaption><\/figure>\n<p><span style=\"font-family: Utopia,sans-serif\"><span style=\"font-size: small\">\u00a0<\/span><\/span><\/p>\n<p><span style=\"font-family: Utopia,sans-serif\"><span style=\"font-size: small\">Entre as novas op\u00e7\u00f5es h\u00e1 um delicioso polvo grelhado sobre wasabi com molho teriyaki (<b>R$ 24, <\/b>foto); coxinhas de r\u00e3 ao molho de cinco ervas sobre cama de t\u00e1rtaro (<b>R$ 34<\/b>) e uma salada de folhas, bacon crocante, nozes e queijo de cabra, chamada capra ao molho laranja e mel (<b>R$ 32<\/b>). No principal, h\u00e1 uma lagosta \u00e0 proven\u00e7al acompanhada de arroz com noz, castanhas do brasil e de caju (<b>R$ 129<\/b>); penne com lascas de bacalhau, tomate cereja, azeitonas e br\u00f3collis puxados no azeite (<b>R$ 57<\/b>) e fil\u00e9 de javali ao molho dor\u00e9 com arroz de biro biro divino (<b>R$ 54<\/b>).<\/span><\/span><\/p>\n<p><span style=\"font-family: Utopia,sans-serif\"><span style=\"font-size: small\">O que n\u00e3o pode faltar no card\u00e1pio, \u201cpelo menos no m\u00eas de anivers\u00e1rio\u201d, esclarece o propriet\u00e1rio Oswaldo Scafuto, \u00e9 o fil\u00e9 divine. Composto por fil\u00e9-mignon tran\u00e7ado ao molho funghi, escoltado de nhoque de ab\u00f3bora com creme brie, o prato (<b>R$ 69<\/b>) j\u00e1 \u00e9 um \u00edcone da casa. Telefone: 3037-2132.<\/span><\/span><\/p>\n","protected":false},"excerpt":{"rendered":"<p>Mais bonito que h\u00e1 quatro anos, quando abriu as portas na 413 Norte \u2013 por conta do jardim de verdes vivos que ao crescerem dar\u00e3o um up ao visual do painel vazado e iluminado por velas de Nardim J\u00fanior \u2013, o Sant\u00e9 13 comemora este m\u00eas quatro anos. A data traz duas novidades: menu renovado e a volta do chef [&hellip;]<\/p>\n","protected":false},"author":54,"featured_media":665,"comment_status":"open","ping_status":"open","sticky":false,"template":"","format":"standard","meta":{"footnotes":""},"categories":[1],"tags":[],"class_list":["post-664","post","type-post","status-publish","format-standard","has-post-thumbnail","hentry","category-sem-categoria"],"_links":{"self":[{"href":"https:\/\/blogs.correiobraziliense.com.br\/lianasabo\/wp-json\/wp\/v2\/posts\/664","targetHints":{"allow":["GET"]}}],"collection":[{"href":"https:\/\/blogs.correiobraziliense.com.br\/lianasabo\/wp-json\/wp\/v2\/posts"}],"about":[{"href":"https:\/\/blogs.correiobraziliense.com.br\/lianasabo\/wp-json\/wp\/v2\/types\/post"}],"author":[{"embeddable":true,"href":"https:\/\/blogs.correiobraziliense.com.br\/lianasabo\/wp-json\/wp\/v2\/users\/54"}],"replies":[{"embeddable":true,"href":"https:\/\/blogs.correiobraziliense.com.br\/lianasabo\/wp-json\/wp\/v2\/comments?post=664"}],"version-history":[{"count":1,"href":"https:\/\/blogs.correiobraziliense.com.br\/lianasabo\/wp-json\/wp\/v2\/posts\/664\/revisions"}],"predecessor-version":[{"id":667,"href":"https:\/\/blogs.correiobraziliense.com.br\/lianasabo\/wp-json\/wp\/v2\/posts\/664\/revisions\/667"}],"wp:featuredmedia":[{"embeddable":true,"href":"https:\/\/blogs.correiobraziliense.com.br\/lianasabo\/wp-json\/wp\/v2\/media\/665"}],"wp:attachment":[{"href":"https:\/\/blogs.correiobraziliense.com.br\/lianasabo\/wp-json\/wp\/v2\/media?parent=664"}],"wp:term":[{"taxonomy":"category","embeddable":true,"href":"https:\/\/blogs.correiobraziliense.com.br\/lianasabo\/wp-json\/wp\/v2\/categories?post=664"},{"taxonomy":"post_tag","embeddable":true,"href":"https:\/\/blogs.correiobraziliense.com.br\/lianasabo\/wp-json\/wp\/v2\/tags?post=664"}],"curies":[{"name":"wp","href":"https:\/\/api.w.org\/{rel}","templated":true}]}}