{"id":6621,"date":"2023-02-10T08:17:46","date_gmt":"2023-02-10T11:17:46","guid":{"rendered":"https:\/\/blogs.correiobraziliense.com.br\/lianasabo\/?p=6621"},"modified":"2023-02-10T08:17:46","modified_gmt":"2023-02-10T11:17:46","slug":"adega-nova-na-trattoria-da-rosario","status":"publish","type":"post","link":"https:\/\/blogs.correiobraziliense.com.br\/lianasabo\/adega-nova-na-trattoria-da-rosario\/","title":{"rendered":"Adega nova na Trattoria Da Rosario"},"content":{"rendered":"<p>O chef Rosario Tessier inaugurou no primeiro dia do ano uma espa\u00e7osa adega com capacidade pra quase duas mil garrafas procedentes de 25 pa\u00edses, inclusive o Brasil. \u201cTodas as principais regi\u00f5es produtoras est\u00e3o contempladas com r\u00f3tulos que harmonizam as sugest\u00f5es de pratos servidos aqui\u201d, diz o respons\u00e1vel pela Trattoria Da Rosario, premiado como o melhor restaurante pela revista Encontro. Instalada numa parede vazia no fundo do sal\u00e3o, a adega \u201cse encaixa perfeitamente no espa\u00e7o\u201d, comenta Rosario.<\/p>\n","protected":false},"excerpt":{"rendered":"<p>O chef Rosario Tessier inaugurou no primeiro dia do ano uma espa\u00e7osa adega com capacidade pra quase duas mil garrafas procedentes de 25 pa\u00edses, inclusive o Brasil. \u201cTodas as principais regi\u00f5es produtoras est\u00e3o contempladas com r\u00f3tulos que harmonizam as sugest\u00f5es de pratos servidos aqui\u201d, diz o respons\u00e1vel pela Trattoria Da Rosario, premiado como o melhor restaurante pela revista Encontro. Instalada [&hellip;]<\/p>\n","protected":false},"author":54,"featured_media":6622,"comment_status":"open","ping_status":"open","sticky":false,"template":"","format":"standard","meta":{"footnotes":""},"categories":[222],"tags":[681,373],"class_list":["post-6621","post","type-post","status-publish","format-standard","has-post-thumbnail","hentry","category-vinhos","tag-adega","tag-trattoria-da-rosario"],"_links":{"self":[{"href":"https:\/\/blogs.correiobraziliense.com.br\/lianasabo\/wp-json\/wp\/v2\/posts\/6621","targetHints":{"allow":["GET"]}}],"collection":[{"href":"https:\/\/blogs.correiobraziliense.com.br\/lianasabo\/wp-json\/wp\/v2\/posts"}],"about":[{"href":"https:\/\/blogs.correiobraziliense.com.br\/lianasabo\/wp-json\/wp\/v2\/types\/post"}],"author":[{"embeddable":true,"href":"https:\/\/blogs.correiobraziliense.com.br\/lianasabo\/wp-json\/wp\/v2\/users\/54"}],"replies":[{"embeddable":true,"href":"https:\/\/blogs.correiobraziliense.com.br\/lianasabo\/wp-json\/wp\/v2\/comments?post=6621"}],"version-history":[{"count":1,"href":"https:\/\/blogs.correiobraziliense.com.br\/lianasabo\/wp-json\/wp\/v2\/posts\/6621\/revisions"}],"predecessor-version":[{"id":6623,"href":"https:\/\/blogs.correiobraziliense.com.br\/lianasabo\/wp-json\/wp\/v2\/posts\/6621\/revisions\/6623"}],"wp:featuredmedia":[{"embeddable":true,"href":"https:\/\/blogs.correiobraziliense.com.br\/lianasabo\/wp-json\/wp\/v2\/media\/6622"}],"wp:attachment":[{"href":"https:\/\/blogs.correiobraziliense.com.br\/lianasabo\/wp-json\/wp\/v2\/media?parent=6621"}],"wp:term":[{"taxonomy":"category","embeddable":true,"href":"https:\/\/blogs.correiobraziliense.com.br\/lianasabo\/wp-json\/wp\/v2\/categories?post=6621"},{"taxonomy":"post_tag","embeddable":true,"href":"https:\/\/blogs.correiobraziliense.com.br\/lianasabo\/wp-json\/wp\/v2\/tags?post=6621"}],"curies":[{"name":"wp","href":"https:\/\/api.w.org\/{rel}","templated":true}]}}