{"id":6619,"date":"2023-02-10T08:14:50","date_gmt":"2023-02-10T11:14:50","guid":{"rendered":"https:\/\/blogs.correiobraziliense.com.br\/lianasabo\/?p=6619"},"modified":"2023-02-10T08:14:50","modified_gmt":"2023-02-10T11:14:50","slug":"brasilia-restaurant-week-tera-a-presenca-da-importadora-de-vinhos-videira","status":"publish","type":"post","link":"https:\/\/blogs.correiobraziliense.com.br\/lianasabo\/brasilia-restaurant-week-tera-a-presenca-da-importadora-de-vinhos-videira\/","title":{"rendered":"Bras\u00edlia Restaurant Week ter\u00e1 a presen\u00e7a da importadora de vinhos Videira"},"content":{"rendered":"<p>Uma novidade da 27\u00aa edi\u00e7\u00e3o da Bras\u00edlia Restaurant Week, que come\u00e7ou ontem (9) com <a href=\"https:\/\/blogs.correiobraziliense.com.br\/lianasabo\/com-recorde-de-casas-participantes-27a-edicao-do-brasilia-restaurant-week-estreia-em-9-de-fevereiro\/\">mais de umas centena de estabelecimentos<\/a>, \u00e9 a presen\u00e7a da importadora e distribuidora de vinhos Videira dos irm\u00e3os Marquinhos e Bruno Rachelle, como patrocinadora. Sete r\u00f3tulos entre brancos e tintos estar\u00e3o dispon\u00edveis no certame gastron\u00f4mico que re\u00fane 26 estreantes, entre eles, o Capuccino Bistr\u00f4 &amp; Caf\u00e9, Libertango, Villa Boechat, Que Pasta Cantina e Oliva Pizzaria. Tendo como tema a releitura de cl\u00e1ssicos da gastronomia internacional, os menus se situam em quatro faixas de pre\u00e7os, que v\u00e3o de R$ 49,90 no almo\u00e7o a R$ 139 no jantar. Informa\u00e7\u00f5es: <a href=\"http:\/\/https\/\/restaurantweek.com.br\/\">https\/\/restaurantweek.com.br\/<\/a><\/p>\n","protected":false},"excerpt":{"rendered":"<p>Uma novidade da 27\u00aa edi\u00e7\u00e3o da Bras\u00edlia Restaurant Week, que come\u00e7ou ontem (9) com mais de umas centena de estabelecimentos, \u00e9 a presen\u00e7a da importadora e distribuidora de vinhos Videira dos irm\u00e3os Marquinhos e Bruno Rachelle, como patrocinadora. Sete r\u00f3tulos entre brancos e tintos estar\u00e3o dispon\u00edveis no certame gastron\u00f4mico que re\u00fane 26 estreantes, entre eles, o Capuccino Bistr\u00f4 &amp; Caf\u00e9, [&hellip;]<\/p>\n","protected":false},"author":54,"featured_media":0,"comment_status":"open","ping_status":"open","sticky":false,"template":"","format":"standard","meta":{"footnotes":""},"categories":[486],"tags":[680,425],"class_list":["post-6619","post","type-post","status-publish","format-standard","hentry","category-evento","tag-brasilia-restaurant-week","tag-vinhos"],"_links":{"self":[{"href":"https:\/\/blogs.correiobraziliense.com.br\/lianasabo\/wp-json\/wp\/v2\/posts\/6619","targetHints":{"allow":["GET"]}}],"collection":[{"href":"https:\/\/blogs.correiobraziliense.com.br\/lianasabo\/wp-json\/wp\/v2\/posts"}],"about":[{"href":"https:\/\/blogs.correiobraziliense.com.br\/lianasabo\/wp-json\/wp\/v2\/types\/post"}],"author":[{"embeddable":true,"href":"https:\/\/blogs.correiobraziliense.com.br\/lianasabo\/wp-json\/wp\/v2\/users\/54"}],"replies":[{"embeddable":true,"href":"https:\/\/blogs.correiobraziliense.com.br\/lianasabo\/wp-json\/wp\/v2\/comments?post=6619"}],"version-history":[{"count":1,"href":"https:\/\/blogs.correiobraziliense.com.br\/lianasabo\/wp-json\/wp\/v2\/posts\/6619\/revisions"}],"predecessor-version":[{"id":6620,"href":"https:\/\/blogs.correiobraziliense.com.br\/lianasabo\/wp-json\/wp\/v2\/posts\/6619\/revisions\/6620"}],"wp:attachment":[{"href":"https:\/\/blogs.correiobraziliense.com.br\/lianasabo\/wp-json\/wp\/v2\/media?parent=6619"}],"wp:term":[{"taxonomy":"category","embeddable":true,"href":"https:\/\/blogs.correiobraziliense.com.br\/lianasabo\/wp-json\/wp\/v2\/categories?post=6619"},{"taxonomy":"post_tag","embeddable":true,"href":"https:\/\/blogs.correiobraziliense.com.br\/lianasabo\/wp-json\/wp\/v2\/tags?post=6619"}],"curies":[{"name":"wp","href":"https:\/\/api.w.org\/{rel}","templated":true}]}}