{"id":6609,"date":"2023-02-08T06:00:39","date_gmt":"2023-02-08T09:00:39","guid":{"rendered":"https:\/\/blogs.correiobraziliense.com.br\/lianasabo\/?p=6609"},"modified":"2023-02-08T06:46:18","modified_gmt":"2023-02-08T09:46:18","slug":"restaurante-o-tuga-sera-palco-de-show-do-grupo-folclorico-cantares-portugueses","status":"publish","type":"post","link":"https:\/\/blogs.correiobraziliense.com.br\/lianasabo\/restaurante-o-tuga-sera-palco-de-show-do-grupo-folclorico-cantares-portugueses\/","title":{"rendered":"Restaurante O Tuga ser\u00e1 palco de show do grupo Folclo\u0301rico Cantares Portugueses"},"content":{"rendered":"<p>O restaurante O Tuga, no shopping CasaPark, recebe, no s\u00e1bado (11\/2), o show do\u00a0grupo Folclo\u0301rico Cantares Portugueses. A apresenta\u00e7\u00e3o comemora os 20 anos da banda que se inspira na cultura lusitana.<\/p>\n<p>Os cantantes estar\u00e3o na programa\u00e7\u00e3o do almo\u00e7o, \u00e0s 13h, e do jantar, \u00e0s 20h30. No repert\u00f3rio, uma mistura envolvente de ritmos tradicionais e contempor\u00e2neos.\u00a0O couvert custa R$ 40. Para informa\u00e7\u00f5es e reservas: (61) 98565-2325.<\/p>\n<p>&nbsp;<\/p>\n","protected":false},"excerpt":{"rendered":"<p>O restaurante O Tuga, no shopping CasaPark, recebe, no s\u00e1bado (11\/2), o show do\u00a0grupo Folclo\u0301rico Cantares Portugueses. A apresenta\u00e7\u00e3o comemora os 20 anos da banda que se inspira na cultura lusitana. Os cantantes estar\u00e3o na programa\u00e7\u00e3o do almo\u00e7o, \u00e0s 13h, e do jantar, \u00e0s 20h30. No repert\u00f3rio, uma mistura envolvente de ritmos tradicionais e contempor\u00e2neos.\u00a0O couvert custa R$ 40. Para [&hellip;]<\/p>\n","protected":false},"author":54,"featured_media":6610,"comment_status":"open","ping_status":"open","sticky":false,"template":"","format":"standard","meta":{"footnotes":""},"categories":[157],"tags":[],"class_list":["post-6609","post","type-post","status-publish","format-standard","has-post-thumbnail","hentry","category-restaurantes-portugueses"],"_links":{"self":[{"href":"https:\/\/blogs.correiobraziliense.com.br\/lianasabo\/wp-json\/wp\/v2\/posts\/6609","targetHints":{"allow":["GET"]}}],"collection":[{"href":"https:\/\/blogs.correiobraziliense.com.br\/lianasabo\/wp-json\/wp\/v2\/posts"}],"about":[{"href":"https:\/\/blogs.correiobraziliense.com.br\/lianasabo\/wp-json\/wp\/v2\/types\/post"}],"author":[{"embeddable":true,"href":"https:\/\/blogs.correiobraziliense.com.br\/lianasabo\/wp-json\/wp\/v2\/users\/54"}],"replies":[{"embeddable":true,"href":"https:\/\/blogs.correiobraziliense.com.br\/lianasabo\/wp-json\/wp\/v2\/comments?post=6609"}],"version-history":[{"count":2,"href":"https:\/\/blogs.correiobraziliense.com.br\/lianasabo\/wp-json\/wp\/v2\/posts\/6609\/revisions"}],"predecessor-version":[{"id":6612,"href":"https:\/\/blogs.correiobraziliense.com.br\/lianasabo\/wp-json\/wp\/v2\/posts\/6609\/revisions\/6612"}],"wp:featuredmedia":[{"embeddable":true,"href":"https:\/\/blogs.correiobraziliense.com.br\/lianasabo\/wp-json\/wp\/v2\/media\/6610"}],"wp:attachment":[{"href":"https:\/\/blogs.correiobraziliense.com.br\/lianasabo\/wp-json\/wp\/v2\/media?parent=6609"}],"wp:term":[{"taxonomy":"category","embeddable":true,"href":"https:\/\/blogs.correiobraziliense.com.br\/lianasabo\/wp-json\/wp\/v2\/categories?post=6609"},{"taxonomy":"post_tag","embeddable":true,"href":"https:\/\/blogs.correiobraziliense.com.br\/lianasabo\/wp-json\/wp\/v2\/tags?post=6609"}],"curies":[{"name":"wp","href":"https:\/\/api.w.org\/{rel}","templated":true}]}}