{"id":6606,"date":"2023-02-06T21:19:26","date_gmt":"2023-02-07T00:19:26","guid":{"rendered":"https:\/\/blogs.correiobraziliense.com.br\/lianasabo\/?p=6606"},"modified":"2023-02-06T21:19:26","modified_gmt":"2023-02-07T00:19:26","slug":"com-recorde-de-casas-participantes-27a-edicao-do-brasilia-restaurant-week-estreia-em-9-de-fevereiro","status":"publish","type":"post","link":"https:\/\/blogs.correiobraziliense.com.br\/lianasabo\/com-recorde-de-casas-participantes-27a-edicao-do-brasilia-restaurant-week-estreia-em-9-de-fevereiro\/","title":{"rendered":"Com recorde de casas participantes, 27\u00aa edi\u00e7\u00e3o do Bras\u00edlia Restaurant Week estreia em 9 de fevereiro"},"content":{"rendered":"<p>De 9 de fevereiro a 12 de mar\u00e7o, a capital federal recebe a 27\u00aa edi\u00e7\u00e3o do Bras\u00edlia Restaurant Week. Essa ser\u00e1 a edi\u00e7\u00e3o com recorde de participantes, totalizando mais de 100 estabelecimentos. As releituras s\u00e3o o tema do festival. Cada chef ter\u00e1 o desafio de reinterpretar os cl\u00e1ssicos da gastronomia mundial com o toque e o sabor brasileiro.<\/p>\n<p>A sele\u00e7\u00e3o conta com diferentes \u00e1reas da gastronomia, como contempor\u00e2nea, italiana, brasileira e francesa. Do total de casas, pelo menos 26 s\u00e3o estreantes. Entre as novatas est\u00e3o 405 Restaurante, Capuccino Bistr\u00f4 &amp; Caf\u00e9, Grano &amp; Oliva Pizzaria, Libertango, Villa Boechat e Que Pasta Cantina.<\/p>\n<p>A 27\u00aa edi\u00e7\u00e3o em Bras\u00edlia ter\u00e1 quatro tipos de menu: tradicional (R$ 49,90 almo\u00e7o e R$ 64,90 jantar), plus (R$ 68,90 almo\u00e7o e R$ 78,90 jantar), premium (R$ 79 almo\u00e7o e R$ 109 jantar) e diamond (R$ 99 almo\u00e7o e R$ 139 jantar).<\/p>\n<p>Mais informa\u00e7\u00f5es sobre o festival no site oficial: <a href=\"https:\/\/restaurantweek.com.br\/\">https:\/\/restaurantweek.com.br\/<\/a><\/p>\n","protected":false},"excerpt":{"rendered":"<p>De 9 de fevereiro a 12 de mar\u00e7o, a capital federal recebe a 27\u00aa edi\u00e7\u00e3o do Bras\u00edlia Restaurant Week. Essa ser\u00e1 a edi\u00e7\u00e3o com recorde de participantes, totalizando mais de 100 estabelecimentos. As releituras s\u00e3o o tema do festival. Cada chef ter\u00e1 o desafio de reinterpretar os cl\u00e1ssicos da gastronomia mundial com o toque e o sabor brasileiro. A sele\u00e7\u00e3o [&hellip;]<\/p>\n","protected":false},"author":54,"featured_media":6607,"comment_status":"open","ping_status":"open","sticky":false,"template":"","format":"standard","meta":{"footnotes":""},"categories":[201],"tags":[54,202],"class_list":["post-6606","post","type-post","status-publish","format-standard","has-post-thumbnail","hentry","category-festival","tag-festival","tag-restaurant-week"],"_links":{"self":[{"href":"https:\/\/blogs.correiobraziliense.com.br\/lianasabo\/wp-json\/wp\/v2\/posts\/6606","targetHints":{"allow":["GET"]}}],"collection":[{"href":"https:\/\/blogs.correiobraziliense.com.br\/lianasabo\/wp-json\/wp\/v2\/posts"}],"about":[{"href":"https:\/\/blogs.correiobraziliense.com.br\/lianasabo\/wp-json\/wp\/v2\/types\/post"}],"author":[{"embeddable":true,"href":"https:\/\/blogs.correiobraziliense.com.br\/lianasabo\/wp-json\/wp\/v2\/users\/54"}],"replies":[{"embeddable":true,"href":"https:\/\/blogs.correiobraziliense.com.br\/lianasabo\/wp-json\/wp\/v2\/comments?post=6606"}],"version-history":[{"count":1,"href":"https:\/\/blogs.correiobraziliense.com.br\/lianasabo\/wp-json\/wp\/v2\/posts\/6606\/revisions"}],"predecessor-version":[{"id":6608,"href":"https:\/\/blogs.correiobraziliense.com.br\/lianasabo\/wp-json\/wp\/v2\/posts\/6606\/revisions\/6608"}],"wp:featuredmedia":[{"embeddable":true,"href":"https:\/\/blogs.correiobraziliense.com.br\/lianasabo\/wp-json\/wp\/v2\/media\/6607"}],"wp:attachment":[{"href":"https:\/\/blogs.correiobraziliense.com.br\/lianasabo\/wp-json\/wp\/v2\/media?parent=6606"}],"wp:term":[{"taxonomy":"category","embeddable":true,"href":"https:\/\/blogs.correiobraziliense.com.br\/lianasabo\/wp-json\/wp\/v2\/categories?post=6606"},{"taxonomy":"post_tag","embeddable":true,"href":"https:\/\/blogs.correiobraziliense.com.br\/lianasabo\/wp-json\/wp\/v2\/tags?post=6606"}],"curies":[{"name":"wp","href":"https:\/\/api.w.org\/{rel}","templated":true}]}}