{"id":6602,"date":"2023-02-06T20:50:37","date_gmt":"2023-02-06T23:50:37","guid":{"rendered":"https:\/\/blogs.correiobraziliense.com.br\/lianasabo\/?p=6602"},"modified":"2023-02-06T20:52:24","modified_gmt":"2023-02-06T23:52:24","slug":"comeca-na-quarta-feira-a-2a-edicao-do-curso-introducao-ao-mundo-dos-vinhos-saiba-como-se-inscrever","status":"publish","type":"post","link":"https:\/\/blogs.correiobraziliense.com.br\/lianasabo\/comeca-na-quarta-feira-a-2a-edicao-do-curso-introducao-ao-mundo-dos-vinhos-saiba-como-se-inscrever\/","title":{"rendered":"Saiba como participar da 2\u00aa edi\u00e7\u00e3o do curso Introdu\u00e7\u00e3o ao Mundo dos Vinhos"},"content":{"rendered":"<p>Que tal uma imers\u00e3o no universo da bebida do deus romano Baco? A partir desta quarta-feira (8\/2) isso ser\u00e1 poss\u00edvel com a segunda edi\u00e7\u00e3o do curso <em>Introdu\u00e7\u00e3o ao Mundo dos Vinhos.<\/em> Ser\u00e3o onze aulas de uma hora e meia de dura\u00e7\u00e3o em que os participantes ter\u00e3o a oportunidade de conhecer a hist\u00f3ria do vinho, al\u00e9m de aprender sobre os tipos de vinifica\u00e7\u00f5es &#8211; brancos, ros\u00e9s, tintos, vinho do Porto e espumantes &#8211; e a leitura de r\u00f3tulos.<\/p>\n<p>O professor \u00e9 o sommelier Marcos Rachelle, refer\u00eancia no mercado de vinhos em Bras\u00edlia, e que j\u00e1 atuou em v\u00e1rios restaurantes da cidade. Ele \u00e9 instrutor e cofundador da Associa\u00e7\u00e3o Brasileira de Sommeliers do Distrito Federal (ABS-DF), e degustador profissional com certificado n\u00edvel 3 pela Wine &amp; Spirits Education Trust (WSET), em Londres. Al\u00e9m disso, \u00e9 autor do livro <em>Segredos do Vinho<\/em>.<\/p>\n<p>Na unidade de \u00c1guas Claras do Complexo Gastron\u00f4mico, as aulas ser\u00e3o ministradas toda segunda quarta-feira de cada m\u00eas, enquanto no Sudoeste, toda \u00faltima quarta-feira, exceto feriados ou v\u00e9speras. O investimento por aula \u00e9 de R$ 250, com direito \u00e0 degusta\u00e7\u00e3o harmonizada dos r\u00f3tulos, com etapas de um jantar em minipor\u00e7\u00f5es. O pacote completo \u00e9 R$ 2.500 (parcelamento em at\u00e9 3x sem juros no cart\u00e3o de cr\u00e9dito).<\/p>\n<p>Os interessados devem se inscrever com at\u00e9 um dia de anteced\u00eancia pelo WhatsApp (61) 99239-3049 ou pessoalmente, no Complexo Gastron\u00f4mico de \u00c1guas Claras e do Sudoeste. As vagas s\u00e3o limitadas. Quem fechar o pacote completo tem direito a 20% de desconto em toda a carta de vinhos durante o ano de 2023 (n\u00e3o cumulativo em uma mesma compra). Quem garantir dois pacotes completos, tamb\u00e9m ganha um par de ingressos para o Dolce Day &#8211; noite com degusta\u00e7\u00e3o de vinhos e buf\u00ea \u00e0 vontade &#8211; previsto para outubro, em comemora\u00e7\u00e3o ao anivers\u00e1rio da marca.<\/p>\n<p><strong>CRONOGRAMA DAS AULAS<\/strong><\/p>\n<p>1. Introdu\u00e7\u00e3o ao mundo dos vinhos: 8\/2 (\u00c1guas Claras) e 15\/2 (Sudoeste)<br \/>\n2. Brasil e Uruguai: 15\/3 (\u00c1guas Claras) e 29\/3 (Sudoeste)<br \/>\n3. Brasil e Argentina: 12\/4 (\u00c1guas Claras) e 26\/4 (Sudoeste)<br \/>\n4. Introdu\u00e7\u00e3o ao mundo dos vinhos &#8211; Chile: 10\/5 (\u00c1guas Claras) e 31\/5 (Sudoeste)<br \/>\n5. Introdu\u00e7\u00e3o ao mundo dos vinhos \u2013 Portugal: 14\/6 (\u00c1guas Claras) e 28\/6 (Sudoeste)<br \/>\n6. Introdu\u00e7\u00e3o ao mundo dos vinhos \u2013 Espanha: 12\/7 (\u00c1guas Claras) e 26\/7 (Sudoeste)<br \/>\n7. Introdu\u00e7\u00e3o ao mundo dos vinhos \u2013 It\u00e1lia (parte I): 9\/8 (\u00c1guas Claras) e 30\/8 (Sudoeste)<br \/>\n8. Introdu\u00e7\u00e3o ao mundo dos vinhos \u2013 It\u00e1lia (parte II): 13\/9 (\u00c1guas Claras) e 27\/9 (Sudoeste)<br \/>\n9. Introdu\u00e7\u00e3o ao mundo dos vinhos \u2013 Fran\u00e7a (parte I): 18\/10 (\u00c1guas Claras) e 25\/10 (Sudoeste)<br \/>\n10. Introdu\u00e7\u00e3o ao mundo dos vinhos \u2013 Fran\u00e7a (parte II): 8\/11 (\u00c1guas Claras) e 29\/11 (Sudoeste)<br \/>\n11. Champagne e espumante pelo mundo: 13\/12 (\u00c1guas Claras) e 27\/12 (Sudoeste)<\/p>\n","protected":false},"excerpt":{"rendered":"<p>Que tal uma imers\u00e3o no universo da bebida do deus romano Baco? A partir desta quarta-feira (8\/2) isso ser\u00e1 poss\u00edvel com a segunda edi\u00e7\u00e3o do curso Introdu\u00e7\u00e3o ao Mundo dos Vinhos. Ser\u00e3o onze aulas de uma hora e meia de dura\u00e7\u00e3o em que os participantes ter\u00e3o a oportunidade de conhecer a hist\u00f3ria do vinho, al\u00e9m de aprender sobre os tipos [&hellip;]<\/p>\n","protected":false},"author":54,"featured_media":6603,"comment_status":"open","ping_status":"open","sticky":false,"template":"","format":"standard","meta":{"footnotes":""},"categories":[222],"tags":[676,677,425],"class_list":["post-6602","post","type-post","status-publish","format-standard","has-post-thumbnail","hentry","category-vinhos","tag-aula","tag-complexo-gastronomico","tag-vinhos"],"_links":{"self":[{"href":"https:\/\/blogs.correiobraziliense.com.br\/lianasabo\/wp-json\/wp\/v2\/posts\/6602","targetHints":{"allow":["GET"]}}],"collection":[{"href":"https:\/\/blogs.correiobraziliense.com.br\/lianasabo\/wp-json\/wp\/v2\/posts"}],"about":[{"href":"https:\/\/blogs.correiobraziliense.com.br\/lianasabo\/wp-json\/wp\/v2\/types\/post"}],"author":[{"embeddable":true,"href":"https:\/\/blogs.correiobraziliense.com.br\/lianasabo\/wp-json\/wp\/v2\/users\/54"}],"replies":[{"embeddable":true,"href":"https:\/\/blogs.correiobraziliense.com.br\/lianasabo\/wp-json\/wp\/v2\/comments?post=6602"}],"version-history":[{"count":2,"href":"https:\/\/blogs.correiobraziliense.com.br\/lianasabo\/wp-json\/wp\/v2\/posts\/6602\/revisions"}],"predecessor-version":[{"id":6605,"href":"https:\/\/blogs.correiobraziliense.com.br\/lianasabo\/wp-json\/wp\/v2\/posts\/6602\/revisions\/6605"}],"wp:featuredmedia":[{"embeddable":true,"href":"https:\/\/blogs.correiobraziliense.com.br\/lianasabo\/wp-json\/wp\/v2\/media\/6603"}],"wp:attachment":[{"href":"https:\/\/blogs.correiobraziliense.com.br\/lianasabo\/wp-json\/wp\/v2\/media?parent=6602"}],"wp:term":[{"taxonomy":"category","embeddable":true,"href":"https:\/\/blogs.correiobraziliense.com.br\/lianasabo\/wp-json\/wp\/v2\/categories?post=6602"},{"taxonomy":"post_tag","embeddable":true,"href":"https:\/\/blogs.correiobraziliense.com.br\/lianasabo\/wp-json\/wp\/v2\/tags?post=6602"}],"curies":[{"name":"wp","href":"https:\/\/api.w.org\/{rel}","templated":true}]}}