{"id":6586,"date":"2022-12-30T06:57:24","date_gmt":"2022-12-30T09:57:24","guid":{"rendered":"https:\/\/blogs.correiobraziliense.com.br\/lianasabo\/?p=6586"},"modified":"2022-12-29T21:01:18","modified_gmt":"2022-12-30T00:01:18","slug":"chicago-prime-em-frente-ao-lago-paranoa","status":"publish","type":"post","link":"https:\/\/blogs.correiobraziliense.com.br\/lianasabo\/chicago-prime-em-frente-ao-lago-paranoa\/","title":{"rendered":"Chicago Prime em frente ao Lago Parano\u00e1"},"content":{"rendered":"<p>Nascido da prancheta do premiado arquiteto Leo Romano, especializado em obras de alto padr\u00e3o, o projeto do novo Chicago Prime erguido no Pont\u00e3o Sul com vistas para o Parano\u00e1 vai ter um estilo mais sofisticado que os outros estabelecimentos. \u201cTanto no mobili\u00e1rio, como nas lou\u00e7as e ta\u00e7as\u201d, ressalta Ana Carolina Chaer, que fundou a marca na 114 Sul, oito anos atr\u00e1s e hoje est\u00e1 com mais tr\u00eas endere\u00e7os: QI 11 Lago Sul, Casa Park e Aeroporto JK.<\/p>\n<p><a href=\"https:\/\/blogs.correiobraziliense.com.br\/lianasabo\/wp-content\/uploads\/sites\/25\/2022\/12\/WhatsApp-Image-2022-12-23-at-19.35.48-1.jpeg\"><img loading=\"lazy\" decoding=\"async\" class=\"aligncenter size-full wp-image-6587\" src=\"https:\/\/blogs.correiobraziliense.com.br\/lianasabo\/wp-content\/uploads\/sites\/25\/2022\/12\/WhatsApp-Image-2022-12-23-at-19.35.48-1.jpeg\" alt=\"\" width=\"800\" height=\"571\" srcset=\"https:\/\/blogs.correiobraziliense.com.br\/lianasabo\/wp-content\/uploads\/sites\/25\/2022\/12\/WhatsApp-Image-2022-12-23-at-19.35.48-1.jpeg 800w, https:\/\/blogs.correiobraziliense.com.br\/lianasabo\/wp-content\/uploads\/sites\/25\/2022\/12\/WhatsApp-Image-2022-12-23-at-19.35.48-1-300x214.jpeg 300w, https:\/\/blogs.correiobraziliense.com.br\/lianasabo\/wp-content\/uploads\/sites\/25\/2022\/12\/WhatsApp-Image-2022-12-23-at-19.35.48-1-768x548.jpeg 768w, https:\/\/blogs.correiobraziliense.com.br\/lianasabo\/wp-content\/uploads\/sites\/25\/2022\/12\/WhatsApp-Image-2022-12-23-at-19.35.48-1-550x393.jpeg 550w, https:\/\/blogs.correiobraziliense.com.br\/lianasabo\/wp-content\/uploads\/sites\/25\/2022\/12\/WhatsApp-Image-2022-12-23-at-19.35.48-1-230x164.jpeg 230w\" sizes=\"auto, (max-width: 800px) 100vw, 800px\" \/><\/a><\/p>\n<p>Previsto para inaugurar em mar\u00e7o, a casa de 200 lugares manter\u00e1 o carro-chefe da marca, como os cortes black angus escoltados pela salada juliana. \u201cO diferencial, entretanto, ser\u00e1 a presen\u00e7a do wagyu original de Kagoshima no Jap\u00e3o,\u201d ressalta Carol, que acrescentar\u00e1 tamb\u00e9m steak tartar e tuna (atum) tartar no card\u00e1pio. Uma sala privativa com 14 lugares, al\u00e9m do mezanino com 70, completam o espa\u00e7o.<\/p>\n<p>&nbsp;<\/p>\n","protected":false},"excerpt":{"rendered":"<p>Nascido da prancheta do premiado arquiteto Leo Romano, especializado em obras de alto padr\u00e3o, o projeto do novo Chicago Prime erguido no Pont\u00e3o Sul com vistas para o Parano\u00e1 vai ter um estilo mais sofisticado que os outros estabelecimentos. \u201cTanto no mobili\u00e1rio, como nas lou\u00e7as e ta\u00e7as\u201d, ressalta Ana Carolina Chaer, que fundou a marca na 114 Sul, oito anos [&hellip;]<\/p>\n","protected":false},"author":54,"featured_media":6588,"comment_status":"open","ping_status":"open","sticky":false,"template":"","format":"standard","meta":{"footnotes":""},"categories":[326],"tags":[],"class_list":["post-6586","post","type-post","status-publish","format-standard","has-post-thumbnail","hentry","category-restaurantes"],"_links":{"self":[{"href":"https:\/\/blogs.correiobraziliense.com.br\/lianasabo\/wp-json\/wp\/v2\/posts\/6586","targetHints":{"allow":["GET"]}}],"collection":[{"href":"https:\/\/blogs.correiobraziliense.com.br\/lianasabo\/wp-json\/wp\/v2\/posts"}],"about":[{"href":"https:\/\/blogs.correiobraziliense.com.br\/lianasabo\/wp-json\/wp\/v2\/types\/post"}],"author":[{"embeddable":true,"href":"https:\/\/blogs.correiobraziliense.com.br\/lianasabo\/wp-json\/wp\/v2\/users\/54"}],"replies":[{"embeddable":true,"href":"https:\/\/blogs.correiobraziliense.com.br\/lianasabo\/wp-json\/wp\/v2\/comments?post=6586"}],"version-history":[{"count":2,"href":"https:\/\/blogs.correiobraziliense.com.br\/lianasabo\/wp-json\/wp\/v2\/posts\/6586\/revisions"}],"predecessor-version":[{"id":6590,"href":"https:\/\/blogs.correiobraziliense.com.br\/lianasabo\/wp-json\/wp\/v2\/posts\/6586\/revisions\/6590"}],"wp:featuredmedia":[{"embeddable":true,"href":"https:\/\/blogs.correiobraziliense.com.br\/lianasabo\/wp-json\/wp\/v2\/media\/6588"}],"wp:attachment":[{"href":"https:\/\/blogs.correiobraziliense.com.br\/lianasabo\/wp-json\/wp\/v2\/media?parent=6586"}],"wp:term":[{"taxonomy":"category","embeddable":true,"href":"https:\/\/blogs.correiobraziliense.com.br\/lianasabo\/wp-json\/wp\/v2\/categories?post=6586"},{"taxonomy":"post_tag","embeddable":true,"href":"https:\/\/blogs.correiobraziliense.com.br\/lianasabo\/wp-json\/wp\/v2\/tags?post=6586"}],"curies":[{"name":"wp","href":"https:\/\/api.w.org\/{rel}","templated":true}]}}