{"id":6575,"date":"2022-12-30T06:44:09","date_gmt":"2022-12-30T09:44:09","guid":{"rendered":"https:\/\/blogs.correiobraziliense.com.br\/lianasabo\/?p=6575"},"modified":"2022-12-29T20:47:08","modified_gmt":"2022-12-29T23:47:08","slug":"conheca-a-gallette-des-rois-iguaria-para-o-dia-de-reis","status":"publish","type":"post","link":"https:\/\/blogs.correiobraziliense.com.br\/lianasabo\/conheca-a-gallette-des-rois-iguaria-para-o-dia-de-reis\/","title":{"rendered":"Conhe\u00e7a a gallette des rois, iguaria para o Dia de Reis"},"content":{"rendered":"<p>H\u00e1 mais de dois mil anos a cristandade comemora semana que vem, 6 de janeiro, Epifania (em grego significa revela\u00e7\u00e3o) data consagrada ao surgimento dos Reis Magos como primeira manifesta\u00e7\u00e3o de Cristo aos gentios. Vindos do Oriente, os reis Gaspar, Belchior e Baltazar guiados pela estrela levaram ouro, incenso e mirra (perfume) ao menino nascido numa manjedoura em Bel\u00e9m.<\/p>\n<p>Desde ent\u00e3o o Dia de Reis \u00e9 lembrado de v\u00e1rias formas. Uma delas \u00e9 celebrar com a gallette des rois, como fazem os franceses. Aqui, o chef p\u00e2tissier Guillaume Petitgas h\u00e1 15 anos desenvolve a receita da iguaria feita de massa de am\u00eandoas. A pequena sai por R$ 35,90 e a grande R$ 78,90, mesmo pre\u00e7o da vers\u00e3o Romeu e Julieta, que \u00e9 recheada com um mix de goiabada com queijo. \u00c0 parte vem o kit complementar com uma coroa e uma fava de porcelana por R$ 20. Voc\u00ea poder\u00e1 encomendar nas quatro lojas da La Boulangerie: 306 Sul (3244-1394); 212 Norte (3541-8981), QI 21 do Lago Sul (3797-2726) e Quadra 300 do Sudoeste (3542-4177).<\/p>\n","protected":false},"excerpt":{"rendered":"<p>H\u00e1 mais de dois mil anos a cristandade comemora semana que vem, 6 de janeiro, Epifania (em grego significa revela\u00e7\u00e3o) data consagrada ao surgimento dos Reis Magos como primeira manifesta\u00e7\u00e3o de Cristo aos gentios. Vindos do Oriente, os reis Gaspar, Belchior e Baltazar guiados pela estrela levaram ouro, incenso e mirra (perfume) ao menino nascido numa manjedoura em Bel\u00e9m. Desde [&hellip;]<\/p>\n","protected":false},"author":54,"featured_media":6577,"comment_status":"open","ping_status":"open","sticky":false,"template":"","format":"standard","meta":{"footnotes":""},"categories":[211],"tags":[],"class_list":["post-6575","post","type-post","status-publish","format-standard","has-post-thumbnail","hentry","category-cafes"],"_links":{"self":[{"href":"https:\/\/blogs.correiobraziliense.com.br\/lianasabo\/wp-json\/wp\/v2\/posts\/6575","targetHints":{"allow":["GET"]}}],"collection":[{"href":"https:\/\/blogs.correiobraziliense.com.br\/lianasabo\/wp-json\/wp\/v2\/posts"}],"about":[{"href":"https:\/\/blogs.correiobraziliense.com.br\/lianasabo\/wp-json\/wp\/v2\/types\/post"}],"author":[{"embeddable":true,"href":"https:\/\/blogs.correiobraziliense.com.br\/lianasabo\/wp-json\/wp\/v2\/users\/54"}],"replies":[{"embeddable":true,"href":"https:\/\/blogs.correiobraziliense.com.br\/lianasabo\/wp-json\/wp\/v2\/comments?post=6575"}],"version-history":[{"count":1,"href":"https:\/\/blogs.correiobraziliense.com.br\/lianasabo\/wp-json\/wp\/v2\/posts\/6575\/revisions"}],"predecessor-version":[{"id":6578,"href":"https:\/\/blogs.correiobraziliense.com.br\/lianasabo\/wp-json\/wp\/v2\/posts\/6575\/revisions\/6578"}],"wp:featuredmedia":[{"embeddable":true,"href":"https:\/\/blogs.correiobraziliense.com.br\/lianasabo\/wp-json\/wp\/v2\/media\/6577"}],"wp:attachment":[{"href":"https:\/\/blogs.correiobraziliense.com.br\/lianasabo\/wp-json\/wp\/v2\/media?parent=6575"}],"wp:term":[{"taxonomy":"category","embeddable":true,"href":"https:\/\/blogs.correiobraziliense.com.br\/lianasabo\/wp-json\/wp\/v2\/categories?post=6575"},{"taxonomy":"post_tag","embeddable":true,"href":"https:\/\/blogs.correiobraziliense.com.br\/lianasabo\/wp-json\/wp\/v2\/tags?post=6575"}],"curies":[{"name":"wp","href":"https:\/\/api.w.org\/{rel}","templated":true}]}}