{"id":6517,"date":"2022-12-09T09:06:12","date_gmt":"2022-12-09T12:06:12","guid":{"rendered":"https:\/\/blogs.correiobraziliense.com.br\/lianasabo\/?p=6517"},"modified":"2022-12-09T09:06:12","modified_gmt":"2022-12-09T12:06:12","slug":"em-brasilia-no-governo-de-transicao-bela-gil-tem-frequentado-restaurantes-na-cidade","status":"publish","type":"post","link":"https:\/\/blogs.correiobraziliense.com.br\/lianasabo\/em-brasilia-no-governo-de-transicao-bela-gil-tem-frequentado-restaurantes-na-cidade\/","title":{"rendered":"Em Bras\u00edlia no governo de transi\u00e7\u00e3o, Bela Gil tem frequentado restaurantes na cidade"},"content":{"rendered":"<p>Nomeada para o grupo de Desenvolvimento Social e Combate \u00e0 Fome do governo de transi\u00e7\u00e3o, a chefe de cozinha e apresentadora do programa <em>Bela Cozinha<\/em>, na GNT, Bela Gil tem frequentado muito a cidade. Fiel a sua op\u00e7\u00e3o gastron\u00f4mica n\u00e3o poderia ser outra escolha a n\u00e3o ser comer no Cura, a nova cozinha org\u00e2nica de Cristina Roberto no Jardim Bot\u00e2nico. Funciona para almo\u00e7o, telefone 99256-4525.<\/p>\n","protected":false},"excerpt":{"rendered":"<p>Nomeada para o grupo de Desenvolvimento Social e Combate \u00e0 Fome do governo de transi\u00e7\u00e3o, a chefe de cozinha e apresentadora do programa Bela Cozinha, na GNT, Bela Gil tem frequentado muito a cidade. Fiel a sua op\u00e7\u00e3o gastron\u00f4mica n\u00e3o poderia ser outra escolha a n\u00e3o ser comer no Cura, a nova cozinha org\u00e2nica de Cristina Roberto no Jardim Bot\u00e2nico. [&hellip;]<\/p>\n","protected":false},"author":54,"featured_media":6518,"comment_status":"open","ping_status":"open","sticky":false,"template":"","format":"standard","meta":{"footnotes":""},"categories":[326],"tags":[665],"class_list":["post-6517","post","type-post","status-publish","format-standard","has-post-thumbnail","hentry","category-restaurantes","tag-bela-gil"],"_links":{"self":[{"href":"https:\/\/blogs.correiobraziliense.com.br\/lianasabo\/wp-json\/wp\/v2\/posts\/6517","targetHints":{"allow":["GET"]}}],"collection":[{"href":"https:\/\/blogs.correiobraziliense.com.br\/lianasabo\/wp-json\/wp\/v2\/posts"}],"about":[{"href":"https:\/\/blogs.correiobraziliense.com.br\/lianasabo\/wp-json\/wp\/v2\/types\/post"}],"author":[{"embeddable":true,"href":"https:\/\/blogs.correiobraziliense.com.br\/lianasabo\/wp-json\/wp\/v2\/users\/54"}],"replies":[{"embeddable":true,"href":"https:\/\/blogs.correiobraziliense.com.br\/lianasabo\/wp-json\/wp\/v2\/comments?post=6517"}],"version-history":[{"count":1,"href":"https:\/\/blogs.correiobraziliense.com.br\/lianasabo\/wp-json\/wp\/v2\/posts\/6517\/revisions"}],"predecessor-version":[{"id":6519,"href":"https:\/\/blogs.correiobraziliense.com.br\/lianasabo\/wp-json\/wp\/v2\/posts\/6517\/revisions\/6519"}],"wp:featuredmedia":[{"embeddable":true,"href":"https:\/\/blogs.correiobraziliense.com.br\/lianasabo\/wp-json\/wp\/v2\/media\/6518"}],"wp:attachment":[{"href":"https:\/\/blogs.correiobraziliense.com.br\/lianasabo\/wp-json\/wp\/v2\/media?parent=6517"}],"wp:term":[{"taxonomy":"category","embeddable":true,"href":"https:\/\/blogs.correiobraziliense.com.br\/lianasabo\/wp-json\/wp\/v2\/categories?post=6517"},{"taxonomy":"post_tag","embeddable":true,"href":"https:\/\/blogs.correiobraziliense.com.br\/lianasabo\/wp-json\/wp\/v2\/tags?post=6517"}],"curies":[{"name":"wp","href":"https:\/\/api.w.org\/{rel}","templated":true}]}}