{"id":6500,"date":"2022-12-09T08:51:17","date_gmt":"2022-12-09T11:51:17","guid":{"rendered":"https:\/\/blogs.correiobraziliense.com.br\/lianasabo\/?p=6500"},"modified":"2022-12-09T08:51:17","modified_gmt":"2022-12-09T11:51:17","slug":"tres-novas-operacoes-gastronomicas-em-breve-no-venancio-shopping","status":"publish","type":"post","link":"https:\/\/blogs.correiobraziliense.com.br\/lianasabo\/tres-novas-operacoes-gastronomicas-em-breve-no-venancio-shopping\/","title":{"rendered":"Tr\u00eas novas opera\u00e7\u00f5es gastron\u00f4micas em breve no Ven\u00e2ncio Shopping"},"content":{"rendered":"<p>O premiado chef peruano Marco Espinoza se prepara para abrir duas opera\u00e7\u00f5es \u2013 Chaco e Cant\u00f3n &#8211; no Ven\u00e2ncio Shopping, com inaugura\u00e7\u00e3o prevista para o in\u00edcio de 2023, ao lado do Jamie Oliver Kitchen. Com isso, a atual fase do centro comercial que tem como foco a gastronomia \u201cganha um deck gourmet na \u00e1rea externa que ir\u00e1 atrair o p\u00fablico em diversos hor\u00e1rios\u201d, observa Jo\u00e3o Marcos Mesquita, superintendente do Ven\u00e2ncio Shopping.<\/p>\n<p>Especializado em carnes e frutos do mar, o Chaco traz uma parrilla para executar as gostosuras da casa, enquanto o Cant\u00f3n, extinto no Bras\u00edlia Shopping, renasce no formato semelhante ao do Rio de Janeiro. As duas opera\u00e7\u00f5es funcionar\u00e3o pr\u00f3ximas.<\/p>\n<figure id=\"attachment_6502\" aria-describedby=\"caption-attachment-6502\" style=\"width: 842px\" class=\"wp-caption aligncenter\"><a href=\"https:\/\/blogs.correiobraziliense.com.br\/lianasabo\/wp-content\/uploads\/sites\/25\/2022\/12\/69c6b06e-a734-4968-9a9b-7a958fb31ff0.jpeg\"><img loading=\"lazy\" decoding=\"async\" class=\"size-full wp-image-6502\" src=\"https:\/\/blogs.correiobraziliense.com.br\/lianasabo\/wp-content\/uploads\/sites\/25\/2022\/12\/69c6b06e-a734-4968-9a9b-7a958fb31ff0.jpeg\" alt=\"\" width=\"842\" height=\"476\" srcset=\"https:\/\/blogs.correiobraziliense.com.br\/lianasabo\/wp-content\/uploads\/sites\/25\/2022\/12\/69c6b06e-a734-4968-9a9b-7a958fb31ff0.jpeg 842w, https:\/\/blogs.correiobraziliense.com.br\/lianasabo\/wp-content\/uploads\/sites\/25\/2022\/12\/69c6b06e-a734-4968-9a9b-7a958fb31ff0-300x170.jpeg 300w, https:\/\/blogs.correiobraziliense.com.br\/lianasabo\/wp-content\/uploads\/sites\/25\/2022\/12\/69c6b06e-a734-4968-9a9b-7a958fb31ff0-768x434.jpeg 768w, https:\/\/blogs.correiobraziliense.com.br\/lianasabo\/wp-content\/uploads\/sites\/25\/2022\/12\/69c6b06e-a734-4968-9a9b-7a958fb31ff0-800x452.jpeg 800w, https:\/\/blogs.correiobraziliense.com.br\/lianasabo\/wp-content\/uploads\/sites\/25\/2022\/12\/69c6b06e-a734-4968-9a9b-7a958fb31ff0-550x311.jpeg 550w, https:\/\/blogs.correiobraziliense.com.br\/lianasabo\/wp-content\/uploads\/sites\/25\/2022\/12\/69c6b06e-a734-4968-9a9b-7a958fb31ff0-230x130.jpeg 230w\" sizes=\"auto, (max-width: 842px) 100vw, 842px\" \/><\/a><figcaption id=\"caption-attachment-6502\" class=\"wp-caption-text\">Cantina Que Pasta? no Ven\u00e2ncio Shopping. Cr\u00e9dito: Que Pasta?\/Divulga\u00e7\u00e3o<\/figcaption><\/figure>\n<p>Do lado oposto, surge ainda antes do Natal, a cantina Que Pasta? de propriedade do restaurateur Andr\u00e9 Sampaio, da sommeli\u00e8re Ana Claro Carvalho e do empres\u00e1rio Jo\u00e3o Pedro Vieira. No comando das ca\u00e7arolas estar\u00e1 o chef Matheus Grilo, ex-Greta.<\/p>\n","protected":false},"excerpt":{"rendered":"<p>O premiado chef peruano Marco Espinoza se prepara para abrir duas opera\u00e7\u00f5es \u2013 Chaco e Cant\u00f3n &#8211; no Ven\u00e2ncio Shopping, com inaugura\u00e7\u00e3o prevista para o in\u00edcio de 2023, ao lado do Jamie Oliver Kitchen. Com isso, a atual fase do centro comercial que tem como foco a gastronomia \u201cganha um deck gourmet na \u00e1rea externa que ir\u00e1 atrair o p\u00fablico [&hellip;]<\/p>\n","protected":false},"author":54,"featured_media":6501,"comment_status":"open","ping_status":"open","sticky":false,"template":"","format":"standard","meta":{"footnotes":""},"categories":[326],"tags":[167,661,405,662],"class_list":["post-6500","post","type-post","status-publish","format-standard","has-post-thumbnail","hentry","category-restaurantes","tag-canton","tag-chaco","tag-que-pasta","tag-venancio-shopping"],"_links":{"self":[{"href":"https:\/\/blogs.correiobraziliense.com.br\/lianasabo\/wp-json\/wp\/v2\/posts\/6500","targetHints":{"allow":["GET"]}}],"collection":[{"href":"https:\/\/blogs.correiobraziliense.com.br\/lianasabo\/wp-json\/wp\/v2\/posts"}],"about":[{"href":"https:\/\/blogs.correiobraziliense.com.br\/lianasabo\/wp-json\/wp\/v2\/types\/post"}],"author":[{"embeddable":true,"href":"https:\/\/blogs.correiobraziliense.com.br\/lianasabo\/wp-json\/wp\/v2\/users\/54"}],"replies":[{"embeddable":true,"href":"https:\/\/blogs.correiobraziliense.com.br\/lianasabo\/wp-json\/wp\/v2\/comments?post=6500"}],"version-history":[{"count":1,"href":"https:\/\/blogs.correiobraziliense.com.br\/lianasabo\/wp-json\/wp\/v2\/posts\/6500\/revisions"}],"predecessor-version":[{"id":6503,"href":"https:\/\/blogs.correiobraziliense.com.br\/lianasabo\/wp-json\/wp\/v2\/posts\/6500\/revisions\/6503"}],"wp:featuredmedia":[{"embeddable":true,"href":"https:\/\/blogs.correiobraziliense.com.br\/lianasabo\/wp-json\/wp\/v2\/media\/6501"}],"wp:attachment":[{"href":"https:\/\/blogs.correiobraziliense.com.br\/lianasabo\/wp-json\/wp\/v2\/media?parent=6500"}],"wp:term":[{"taxonomy":"category","embeddable":true,"href":"https:\/\/blogs.correiobraziliense.com.br\/lianasabo\/wp-json\/wp\/v2\/categories?post=6500"},{"taxonomy":"post_tag","embeddable":true,"href":"https:\/\/blogs.correiobraziliense.com.br\/lianasabo\/wp-json\/wp\/v2\/tags?post=6500"}],"curies":[{"name":"wp","href":"https:\/\/api.w.org\/{rel}","templated":true}]}}