{"id":648,"date":"2016-11-04T08:09:45","date_gmt":"2016-11-04T10:09:45","guid":{"rendered":"https:\/\/blogs.correiobraziliense.com.br\/lianasabo\/?p=648"},"modified":"2016-11-03T19:12:37","modified_gmt":"2016-11-03T21:12:37","slug":"michel-temer-estende-simples-nacional-para-o-setor-de-bebidas","status":"publish","type":"post","link":"https:\/\/blogs.correiobraziliense.com.br\/lianasabo\/michel-temer-estende-simples-nacional-para-o-setor-de-bebidas\/","title":{"rendered":"Michel Temer estende Simples Nacional para o setor de bebidas"},"content":{"rendered":"<p>Se h\u00e1 uma categoria que tem motivos para estar satisfeita com o atual governo federal \u00e9 o setor vitivin\u00edcola, mas n\u00e3o s\u00f3 ele. Tamb\u00e9m as microcervejarias e os produtores de cacha\u00e7a artesanal \u2014 toda a cadeia produtiva que pleiteava a op\u00e7\u00e3o pelo regime simplificado de tributa\u00e7\u00e3o est\u00e1 feliz. Semana passada, o presidente Michel Temer sancionou o projeto de lei complementar que inclui o setor de bebidas no Simples Nacional.<\/p>\n<p>\u201cN\u00e3o se trata de ren\u00fancia fiscal, mas sim, um ato gerador de empregos\u201d, assinalou o presidente da Rep\u00fablica para a plateia de produtores brasileiros que veio a Bras\u00edlia assistir \u00e0 realiza\u00e7\u00e3o de um sonho e \u201co reconhecimento ao setor. As empresas poder\u00e3o optar pelo regime simplificado, o que certamente incentivar\u00e1 a formaliza\u00e7\u00e3o de centenas de vin\u00edcolas s\u00f3 na regi\u00e3o Sul\u201d, destacou Carlos Paviani, diretor do Ibravin. Resta, agora, o benef\u00edcio chegar ao consumidor.<\/p>\n","protected":false},"excerpt":{"rendered":"<p>Se h\u00e1 uma categoria que tem motivos para estar satisfeita com o atual governo federal \u00e9 o setor vitivin\u00edcola, mas n\u00e3o s\u00f3 ele. Tamb\u00e9m as microcervejarias e os produtores de cacha\u00e7a artesanal \u2014 toda a cadeia produtiva que pleiteava a op\u00e7\u00e3o pelo regime simplificado de tributa\u00e7\u00e3o est\u00e1 feliz. Semana passada, o presidente Michel Temer sancionou o projeto de lei complementar [&hellip;]<\/p>\n","protected":false},"author":54,"featured_media":650,"comment_status":"open","ping_status":"open","sticky":false,"template":"","format":"standard","meta":{"footnotes":""},"categories":[1],"tags":[],"class_list":["post-648","post","type-post","status-publish","format-standard","has-post-thumbnail","hentry","category-sem-categoria"],"_links":{"self":[{"href":"https:\/\/blogs.correiobraziliense.com.br\/lianasabo\/wp-json\/wp\/v2\/posts\/648","targetHints":{"allow":["GET"]}}],"collection":[{"href":"https:\/\/blogs.correiobraziliense.com.br\/lianasabo\/wp-json\/wp\/v2\/posts"}],"about":[{"href":"https:\/\/blogs.correiobraziliense.com.br\/lianasabo\/wp-json\/wp\/v2\/types\/post"}],"author":[{"embeddable":true,"href":"https:\/\/blogs.correiobraziliense.com.br\/lianasabo\/wp-json\/wp\/v2\/users\/54"}],"replies":[{"embeddable":true,"href":"https:\/\/blogs.correiobraziliense.com.br\/lianasabo\/wp-json\/wp\/v2\/comments?post=648"}],"version-history":[{"count":1,"href":"https:\/\/blogs.correiobraziliense.com.br\/lianasabo\/wp-json\/wp\/v2\/posts\/648\/revisions"}],"predecessor-version":[{"id":651,"href":"https:\/\/blogs.correiobraziliense.com.br\/lianasabo\/wp-json\/wp\/v2\/posts\/648\/revisions\/651"}],"wp:featuredmedia":[{"embeddable":true,"href":"https:\/\/blogs.correiobraziliense.com.br\/lianasabo\/wp-json\/wp\/v2\/media\/650"}],"wp:attachment":[{"href":"https:\/\/blogs.correiobraziliense.com.br\/lianasabo\/wp-json\/wp\/v2\/media?parent=648"}],"wp:term":[{"taxonomy":"category","embeddable":true,"href":"https:\/\/blogs.correiobraziliense.com.br\/lianasabo\/wp-json\/wp\/v2\/categories?post=648"},{"taxonomy":"post_tag","embeddable":true,"href":"https:\/\/blogs.correiobraziliense.com.br\/lianasabo\/wp-json\/wp\/v2\/tags?post=648"}],"curies":[{"name":"wp","href":"https:\/\/api.w.org\/{rel}","templated":true}]}}