{"id":6476,"date":"2022-12-02T06:39:43","date_gmt":"2022-12-02T09:39:43","guid":{"rendered":"https:\/\/blogs.correiobraziliense.com.br\/lianasabo\/?p=6476"},"modified":"2022-11-30T19:43:38","modified_gmt":"2022-11-30T22:43:38","slug":"chef-priscila-avila-monta-cardapio-natalino-no-viande-boutique-de-carnes","status":"publish","type":"post","link":"https:\/\/blogs.correiobraziliense.com.br\/lianasabo\/chef-priscila-avila-monta-cardapio-natalino-no-viande-boutique-de-carnes\/","title":{"rendered":"Chef Priscila \u00c1vila monta card\u00e1pio natalino no Viande Boutique de Carnes"},"content":{"rendered":"<p>Priscila \u00c1vila, a mais famosa \u201cpimentista\u201d da cidade, que h\u00e1 15 anos se dedica ao cultivo da capsicum de v\u00e1rias origens, n\u00e3o se contentou em atuar apenas no reino da picancia. Depois de formada em administra\u00e7\u00e3o, com p\u00f3s em hotelaria, e de v\u00e1rios cursos de culin\u00e1ria ingressou na FIC (Federa\u00e7\u00e3o Italiana de Chefs), se\u00e7\u00e3o de Bras\u00edlia. Com essas credenciais a chef acaba de conquistar espa\u00e7o no Viande Boutique de Carnes, onde montou card\u00e1pio especial de Natal, que poder\u00e1 ser encomendado para 10, 20, 30 e at\u00e9 40 pessoas. No menu, baby pork, chester, peru, tender, lombo, bacalhau nas natas e como acompanhamentos salpic\u00e3o, farofa de frutas, cuscuz e rabanada. Encomendas poder\u00e3o ser feitas at\u00e9 o dia 23 de dezembro e os kits dever\u00e3o ser retirados na loja da 103 Sul. Telefone: 98369-2060.<\/p>\n","protected":false},"excerpt":{"rendered":"<p>Priscila \u00c1vila, a mais famosa \u201cpimentista\u201d da cidade, que h\u00e1 15 anos se dedica ao cultivo da capsicum de v\u00e1rias origens, n\u00e3o se contentou em atuar apenas no reino da picancia. Depois de formada em administra\u00e7\u00e3o, com p\u00f3s em hotelaria, e de v\u00e1rios cursos de culin\u00e1ria ingressou na FIC (Federa\u00e7\u00e3o Italiana de Chefs), se\u00e7\u00e3o de Bras\u00edlia. Com essas credenciais a [&hellip;]<\/p>\n","protected":false},"author":54,"featured_media":6477,"comment_status":"open","ping_status":"open","sticky":false,"template":"","format":"standard","meta":{"footnotes":""},"categories":[651],"tags":[652,313],"class_list":["post-6476","post","type-post","status-publish","format-standard","has-post-thumbnail","hentry","category-natal","tag-ceia","tag-natal"],"_links":{"self":[{"href":"https:\/\/blogs.correiobraziliense.com.br\/lianasabo\/wp-json\/wp\/v2\/posts\/6476","targetHints":{"allow":["GET"]}}],"collection":[{"href":"https:\/\/blogs.correiobraziliense.com.br\/lianasabo\/wp-json\/wp\/v2\/posts"}],"about":[{"href":"https:\/\/blogs.correiobraziliense.com.br\/lianasabo\/wp-json\/wp\/v2\/types\/post"}],"author":[{"embeddable":true,"href":"https:\/\/blogs.correiobraziliense.com.br\/lianasabo\/wp-json\/wp\/v2\/users\/54"}],"replies":[{"embeddable":true,"href":"https:\/\/blogs.correiobraziliense.com.br\/lianasabo\/wp-json\/wp\/v2\/comments?post=6476"}],"version-history":[{"count":1,"href":"https:\/\/blogs.correiobraziliense.com.br\/lianasabo\/wp-json\/wp\/v2\/posts\/6476\/revisions"}],"predecessor-version":[{"id":6478,"href":"https:\/\/blogs.correiobraziliense.com.br\/lianasabo\/wp-json\/wp\/v2\/posts\/6476\/revisions\/6478"}],"wp:featuredmedia":[{"embeddable":true,"href":"https:\/\/blogs.correiobraziliense.com.br\/lianasabo\/wp-json\/wp\/v2\/media\/6477"}],"wp:attachment":[{"href":"https:\/\/blogs.correiobraziliense.com.br\/lianasabo\/wp-json\/wp\/v2\/media?parent=6476"}],"wp:term":[{"taxonomy":"category","embeddable":true,"href":"https:\/\/blogs.correiobraziliense.com.br\/lianasabo\/wp-json\/wp\/v2\/categories?post=6476"},{"taxonomy":"post_tag","embeddable":true,"href":"https:\/\/blogs.correiobraziliense.com.br\/lianasabo\/wp-json\/wp\/v2\/tags?post=6476"}],"curies":[{"name":"wp","href":"https:\/\/api.w.org\/{rel}","templated":true}]}}