{"id":6466,"date":"2022-11-30T19:27:28","date_gmt":"2022-11-30T22:27:28","guid":{"rendered":"https:\/\/blogs.correiobraziliense.com.br\/lianasabo\/?p=6466"},"modified":"2022-12-02T07:38:02","modified_gmt":"2022-12-02T10:38:02","slug":"luteranos-promovem-cafe-de-advento","status":"publish","type":"post","link":"https:\/\/blogs.correiobraziliense.com.br\/lianasabo\/luteranos-promovem-cafe-de-advento\/","title":{"rendered":"Luteranos promovem caf\u00e9 de Advento"},"content":{"rendered":"<p>Neste s\u00e1bado, 3 de dezembro, ser\u00e1 realizado o tradicional Caf\u00e9 de Advento, que todos os anos acontece na comunidade evang\u00e9lica de confiss\u00e3o luterana de Bras\u00edlia, com a venda de trabalhos manuais, bingo e brincadeiras em tarde de confraterniza\u00e7\u00e3o. Al\u00e9m do caf\u00e9, que pode ser substitu\u00eddo por ch\u00e1 ou suco, a atra\u00e7\u00e3o gastron\u00f4mica s\u00e3o deliciosas tortas doces, salgadas e cucas. O combo completo sai por R$ 40 para adultos e R$ 20 crian\u00e7as de 7 a 12 anos. Come\u00e7a \u00e0s 15h e vai at\u00e9 as 18h30 na Igreja Luterana, Entrequadras Sul 405\/406. Telefone: 98568-2020.<\/p>\n","protected":false},"excerpt":{"rendered":"<p>Neste s\u00e1bado, 3 de dezembro, ser\u00e1 realizado o tradicional Caf\u00e9 de Advento, que todos os anos acontece na comunidade evang\u00e9lica de confiss\u00e3o luterana de Bras\u00edlia, com a venda de trabalhos manuais, bingo e brincadeiras em tarde de confraterniza\u00e7\u00e3o. Al\u00e9m do caf\u00e9, que pode ser substitu\u00eddo por ch\u00e1 ou suco, a atra\u00e7\u00e3o gastron\u00f4mica s\u00e3o deliciosas tortas doces, salgadas e cucas. O [&hellip;]<\/p>\n","protected":false},"author":54,"featured_media":6468,"comment_status":"open","ping_status":"open","sticky":false,"template":"","format":"standard","meta":{"footnotes":""},"categories":[486],"tags":[],"class_list":["post-6466","post","type-post","status-publish","format-standard","has-post-thumbnail","hentry","category-evento"],"_links":{"self":[{"href":"https:\/\/blogs.correiobraziliense.com.br\/lianasabo\/wp-json\/wp\/v2\/posts\/6466","targetHints":{"allow":["GET"]}}],"collection":[{"href":"https:\/\/blogs.correiobraziliense.com.br\/lianasabo\/wp-json\/wp\/v2\/posts"}],"about":[{"href":"https:\/\/blogs.correiobraziliense.com.br\/lianasabo\/wp-json\/wp\/v2\/types\/post"}],"author":[{"embeddable":true,"href":"https:\/\/blogs.correiobraziliense.com.br\/lianasabo\/wp-json\/wp\/v2\/users\/54"}],"replies":[{"embeddable":true,"href":"https:\/\/blogs.correiobraziliense.com.br\/lianasabo\/wp-json\/wp\/v2\/comments?post=6466"}],"version-history":[{"count":2,"href":"https:\/\/blogs.correiobraziliense.com.br\/lianasabo\/wp-json\/wp\/v2\/posts\/6466\/revisions"}],"predecessor-version":[{"id":6486,"href":"https:\/\/blogs.correiobraziliense.com.br\/lianasabo\/wp-json\/wp\/v2\/posts\/6466\/revisions\/6486"}],"wp:featuredmedia":[{"embeddable":true,"href":"https:\/\/blogs.correiobraziliense.com.br\/lianasabo\/wp-json\/wp\/v2\/media\/6468"}],"wp:attachment":[{"href":"https:\/\/blogs.correiobraziliense.com.br\/lianasabo\/wp-json\/wp\/v2\/media?parent=6466"}],"wp:term":[{"taxonomy":"category","embeddable":true,"href":"https:\/\/blogs.correiobraziliense.com.br\/lianasabo\/wp-json\/wp\/v2\/categories?post=6466"},{"taxonomy":"post_tag","embeddable":true,"href":"https:\/\/blogs.correiobraziliense.com.br\/lianasabo\/wp-json\/wp\/v2\/tags?post=6466"}],"curies":[{"name":"wp","href":"https:\/\/api.w.org\/{rel}","templated":true}]}}