{"id":6458,"date":"2022-11-25T07:14:18","date_gmt":"2022-11-25T10:14:18","guid":{"rendered":"https:\/\/blogs.correiobraziliense.com.br\/lianasabo\/?p=6458"},"modified":"2022-11-25T07:14:18","modified_gmt":"2022-11-25T10:14:18","slug":"selecoes-a-postos-mane-mercado-tem-cardapio-para-a-copa-do-mundo","status":"publish","type":"post","link":"https:\/\/blogs.correiobraziliense.com.br\/lianasabo\/selecoes-a-postos-mane-mercado-tem-cardapio-para-a-copa-do-mundo\/","title":{"rendered":"Sele\u00e7\u00f5es a postos: Man\u00e9 Mercado tem card\u00e1pio para a Copa do Mundo"},"content":{"rendered":"<p>A Copa do Mundo tem inspirado os chefs de Bras\u00edlia a criarem card\u00e1pios especiais. At\u00e9 18 de dezembro, o Man\u00e9 Mercado apresenta as Sele\u00e7\u00f5es do Man\u00e9. S\u00e3o 17 opera\u00e7\u00f5es com pratos exclusivos inspirados nos pa\u00edses participantes da competi\u00e7\u00e3o. Os chefs Bruna Bertozzi e Lucas Arteaga, do De Paulina, representaram o confronto mais cl\u00e1ssico do futebol. Brasil e Argentina se unem em uma dupla de empanadas nos sabores Choripan e Romeu e Julite (R$ 26).<\/p>\n<p>O pa\u00eds sede est\u00e1 representado pela chef L\u00edcia Barreto do Marzuk no warak enab, prato com folhas de uvas recheadas com arroz, carne mo\u00edda, manteiga clarificada, temperos e especiarias (R$ 38,90). J\u00e1 a \u00faltima campe\u00e3 das Copas, a Fran\u00e7a, aparece na cheesecake br\u00fcl\u00e9e (R$ 22) do Pat\u00f3, da chef Duda Patriota. Funcionamento segunda, ter\u00e7a e quarta, das 12h \u00e0 0h; quinta a s\u00e1bado, das 12h \u00e0s 2h; e domingo, das 12h \u00e0 0h.<\/p>\n","protected":false},"excerpt":{"rendered":"<p>A Copa do Mundo tem inspirado os chefs de Bras\u00edlia a criarem card\u00e1pios especiais. At\u00e9 18 de dezembro, o Man\u00e9 Mercado apresenta as Sele\u00e7\u00f5es do Man\u00e9. S\u00e3o 17 opera\u00e7\u00f5es com pratos exclusivos inspirados nos pa\u00edses participantes da competi\u00e7\u00e3o. Os chefs Bruna Bertozzi e Lucas Arteaga, do De Paulina, representaram o confronto mais cl\u00e1ssico do futebol. Brasil e Argentina se unem [&hellip;]<\/p>\n","protected":false},"author":54,"featured_media":6459,"comment_status":"open","ping_status":"open","sticky":false,"template":"","format":"standard","meta":{"footnotes":""},"categories":[1],"tags":[644,650],"class_list":["post-6458","post","type-post","status-publish","format-standard","has-post-thumbnail","hentry","category-sem-categoria","tag-copa","tag-mane-mercado"],"_links":{"self":[{"href":"https:\/\/blogs.correiobraziliense.com.br\/lianasabo\/wp-json\/wp\/v2\/posts\/6458","targetHints":{"allow":["GET"]}}],"collection":[{"href":"https:\/\/blogs.correiobraziliense.com.br\/lianasabo\/wp-json\/wp\/v2\/posts"}],"about":[{"href":"https:\/\/blogs.correiobraziliense.com.br\/lianasabo\/wp-json\/wp\/v2\/types\/post"}],"author":[{"embeddable":true,"href":"https:\/\/blogs.correiobraziliense.com.br\/lianasabo\/wp-json\/wp\/v2\/users\/54"}],"replies":[{"embeddable":true,"href":"https:\/\/blogs.correiobraziliense.com.br\/lianasabo\/wp-json\/wp\/v2\/comments?post=6458"}],"version-history":[{"count":1,"href":"https:\/\/blogs.correiobraziliense.com.br\/lianasabo\/wp-json\/wp\/v2\/posts\/6458\/revisions"}],"predecessor-version":[{"id":6460,"href":"https:\/\/blogs.correiobraziliense.com.br\/lianasabo\/wp-json\/wp\/v2\/posts\/6458\/revisions\/6460"}],"wp:featuredmedia":[{"embeddable":true,"href":"https:\/\/blogs.correiobraziliense.com.br\/lianasabo\/wp-json\/wp\/v2\/media\/6459"}],"wp:attachment":[{"href":"https:\/\/blogs.correiobraziliense.com.br\/lianasabo\/wp-json\/wp\/v2\/media?parent=6458"}],"wp:term":[{"taxonomy":"category","embeddable":true,"href":"https:\/\/blogs.correiobraziliense.com.br\/lianasabo\/wp-json\/wp\/v2\/categories?post=6458"},{"taxonomy":"post_tag","embeddable":true,"href":"https:\/\/blogs.correiobraziliense.com.br\/lianasabo\/wp-json\/wp\/v2\/tags?post=6458"}],"curies":[{"name":"wp","href":"https:\/\/api.w.org\/{rel}","templated":true}]}}