{"id":6452,"date":"2022-11-25T06:19:39","date_gmt":"2022-11-25T09:19:39","guid":{"rendered":"https:\/\/blogs.correiobraziliense.com.br\/lianasabo\/?p=6452"},"modified":"2022-11-24T09:21:45","modified_gmt":"2022-11-24T12:21:45","slug":"sabor-tradicional-loja-renovada-palato-ice-cream-sob-nova-direcao","status":"publish","type":"post","link":"https:\/\/blogs.correiobraziliense.com.br\/lianasabo\/sabor-tradicional-loja-renovada-palato-ice-cream-sob-nova-direcao\/","title":{"rendered":"Sabor tradicional, loja renovada: Palato Ice Cream sob nova dire\u00e7\u00e3o"},"content":{"rendered":"<p>Com mais de 30 anos, a Palato Ice Cream Shop faz parte da hist\u00f3ria de Bras\u00edlia e tamb\u00e9m da fam\u00edlia Massouh-Barreira. Fernando Ant\u00f4nio chegou a trabalhar na sorveteria na juventude e hoje assume o comando da loja ao lado da esposa Kariny e das filhas Karol e Kamily.<\/p>\n<p>\u201cSomos clientes e amigos do Murilo (Silva, idealizador da Palato), acompanhamos a cria\u00e7\u00e3o dos primeiros sorvetes artesanais, da apura\u00e7\u00e3o dos sabores, da cremosidade e da evolu\u00e7\u00e3o da marca. Quando surgiu a proposta de venda, aceitamos com muita alegria a miss\u00e3o de compartilhar com as pessoas momentos de prazer e alegria que o sorvete da Palato proporciona\u201d, destaca Fernando.<\/p>\n<p>Apesar da mudan\u00e7a, o sabor tradicional permanece. Os sabores tops de venda continuam no card\u00e1pio: blue ice, menta, pav\u00ea, pistache, choc chip e chocolates belga e italiano servidos separadamente ou nas ta\u00e7as (banana split e sundae). Destaque ainda para o cacau 70%, a linha de frutas, os sabores sem a\u00e7\u00facar e o afogatto, que associa sorvete ao sabor do caf\u00e9. A pedido dos clientes, a loja vai voltar a servir crepes e cachorro quente.<\/p>\n<p>J\u00e1 entre as novidades, o endere\u00e7o. A loja continua na 309 Norte, mas mudou para o Bloco B, onde passou por uma repaginada respeitando a identidade visual. A Palato funciona de ter\u00e7a a domingo, das 12h \u00e0s 20h. Informa\u00e7\u00f5es: (61) 3274-2258.<\/p>\n","protected":false},"excerpt":{"rendered":"<p>Com mais de 30 anos, a Palato Ice Cream Shop faz parte da hist\u00f3ria de Bras\u00edlia e tamb\u00e9m da fam\u00edlia Massouh-Barreira. Fernando Ant\u00f4nio chegou a trabalhar na sorveteria na juventude e hoje assume o comando da loja ao lado da esposa Kariny e das filhas Karol e Kamily. \u201cSomos clientes e amigos do Murilo (Silva, idealizador da Palato), acompanhamos a [&hellip;]<\/p>\n","protected":false},"author":54,"featured_media":6453,"comment_status":"open","ping_status":"open","sticky":false,"template":"","format":"standard","meta":{"footnotes":""},"categories":[1],"tags":[648,649],"class_list":["post-6452","post","type-post","status-publish","format-standard","has-post-thumbnail","hentry","category-sem-categoria","tag-palato-ice-cream","tag-sorveteria"],"_links":{"self":[{"href":"https:\/\/blogs.correiobraziliense.com.br\/lianasabo\/wp-json\/wp\/v2\/posts\/6452","targetHints":{"allow":["GET"]}}],"collection":[{"href":"https:\/\/blogs.correiobraziliense.com.br\/lianasabo\/wp-json\/wp\/v2\/posts"}],"about":[{"href":"https:\/\/blogs.correiobraziliense.com.br\/lianasabo\/wp-json\/wp\/v2\/types\/post"}],"author":[{"embeddable":true,"href":"https:\/\/blogs.correiobraziliense.com.br\/lianasabo\/wp-json\/wp\/v2\/users\/54"}],"replies":[{"embeddable":true,"href":"https:\/\/blogs.correiobraziliense.com.br\/lianasabo\/wp-json\/wp\/v2\/comments?post=6452"}],"version-history":[{"count":1,"href":"https:\/\/blogs.correiobraziliense.com.br\/lianasabo\/wp-json\/wp\/v2\/posts\/6452\/revisions"}],"predecessor-version":[{"id":6454,"href":"https:\/\/blogs.correiobraziliense.com.br\/lianasabo\/wp-json\/wp\/v2\/posts\/6452\/revisions\/6454"}],"wp:featuredmedia":[{"embeddable":true,"href":"https:\/\/blogs.correiobraziliense.com.br\/lianasabo\/wp-json\/wp\/v2\/media\/6453"}],"wp:attachment":[{"href":"https:\/\/blogs.correiobraziliense.com.br\/lianasabo\/wp-json\/wp\/v2\/media?parent=6452"}],"wp:term":[{"taxonomy":"category","embeddable":true,"href":"https:\/\/blogs.correiobraziliense.com.br\/lianasabo\/wp-json\/wp\/v2\/categories?post=6452"},{"taxonomy":"post_tag","embeddable":true,"href":"https:\/\/blogs.correiobraziliense.com.br\/lianasabo\/wp-json\/wp\/v2\/tags?post=6452"}],"curies":[{"name":"wp","href":"https:\/\/api.w.org\/{rel}","templated":true}]}}