{"id":6449,"date":"2022-11-25T06:17:25","date_gmt":"2022-11-25T09:17:25","guid":{"rendered":"https:\/\/blogs.correiobraziliense.com.br\/lianasabo\/?p=6449"},"modified":"2022-11-25T15:16:13","modified_gmt":"2022-11-25T18:16:13","slug":"sanduba-arabe","status":"publish","type":"post","link":"https:\/\/blogs.correiobraziliense.com.br\/lianasabo\/sanduba-arabe\/","title":{"rendered":"Sanduba \u00e1rabe"},"content":{"rendered":"<p>Dois anos antes do jubileu de ouro das rela\u00e7\u00f5es diplom\u00e1ticas entre o Brasil e o Sultanato de Om\u00e3, o embaixador Talal Sulaiman Alrahbi comemorou em grande estilo, segunda-feira, a data nacional do pa\u00eds, localizado no extremo da Pen\u00ednsula Ar\u00e1bica, com um duplo buf\u00ea. De um lado, as iguarias assinadas pela fam\u00edlia Gagliardi, que comanda o Porto Vittoria, de outro o BRK Eventos, de Rafael Justus, que tem como colaborador o jovem Halil Ceyhan Filho (foto), de 19 anos, estudante de gastronomia do Iesb.<\/p>\n<p>Nascido em Istambul, Halil foi quem preparou a marinada do contra-fil\u00e9, cox\u00e3o mole e fraldinha com uma infinidade de temperos \u00e1rabes, al\u00e9m do louro, or\u00e9gano, gengibre, coentro e alho em p\u00f3 e da \u00e1gua de cebola ralada que aprendeu com um eg\u00edpcio. Primeiro ele cortou a carne em bifes finos e 24 horas ap\u00f3s a imers\u00e3o, montou no espeto, no estilo kebab, onde assou por 2 horas antes de preparar o shawarma. Que al\u00e9m do bife leva um molho de alho, cebola, roxa, sumac, tomate italiano e picles e se come com a m\u00e3o. \u201cOs brasileiros t\u00eam gostado muito de nossa especialidade, cujo tempero atende o paladar local\u201d, comenta o futuro chef turco,\u00a0que tamb\u00e9m faz jantar. Telefone 98661-2124.<\/p>\n","protected":false},"excerpt":{"rendered":"<p>Dois anos antes do jubileu de ouro das rela\u00e7\u00f5es diplom\u00e1ticas entre o Brasil e o Sultanato de Om\u00e3, o embaixador Talal Sulaiman Alrahbi comemorou em grande estilo, segunda-feira, a data nacional do pa\u00eds, localizado no extremo da Pen\u00ednsula Ar\u00e1bica, com um duplo buf\u00ea. De um lado, as iguarias assinadas pela fam\u00edlia Gagliardi, que comanda o Porto Vittoria, de outro o [&hellip;]<\/p>\n","protected":false},"author":54,"featured_media":6450,"comment_status":"open","ping_status":"open","sticky":false,"template":"","format":"standard","meta":{"footnotes":""},"categories":[1],"tags":[],"class_list":["post-6449","post","type-post","status-publish","format-standard","has-post-thumbnail","hentry","category-sem-categoria"],"_links":{"self":[{"href":"https:\/\/blogs.correiobraziliense.com.br\/lianasabo\/wp-json\/wp\/v2\/posts\/6449","targetHints":{"allow":["GET"]}}],"collection":[{"href":"https:\/\/blogs.correiobraziliense.com.br\/lianasabo\/wp-json\/wp\/v2\/posts"}],"about":[{"href":"https:\/\/blogs.correiobraziliense.com.br\/lianasabo\/wp-json\/wp\/v2\/types\/post"}],"author":[{"embeddable":true,"href":"https:\/\/blogs.correiobraziliense.com.br\/lianasabo\/wp-json\/wp\/v2\/users\/54"}],"replies":[{"embeddable":true,"href":"https:\/\/blogs.correiobraziliense.com.br\/lianasabo\/wp-json\/wp\/v2\/comments?post=6449"}],"version-history":[{"count":2,"href":"https:\/\/blogs.correiobraziliense.com.br\/lianasabo\/wp-json\/wp\/v2\/posts\/6449\/revisions"}],"predecessor-version":[{"id":6463,"href":"https:\/\/blogs.correiobraziliense.com.br\/lianasabo\/wp-json\/wp\/v2\/posts\/6449\/revisions\/6463"}],"wp:featuredmedia":[{"embeddable":true,"href":"https:\/\/blogs.correiobraziliense.com.br\/lianasabo\/wp-json\/wp\/v2\/media\/6450"}],"wp:attachment":[{"href":"https:\/\/blogs.correiobraziliense.com.br\/lianasabo\/wp-json\/wp\/v2\/media?parent=6449"}],"wp:term":[{"taxonomy":"category","embeddable":true,"href":"https:\/\/blogs.correiobraziliense.com.br\/lianasabo\/wp-json\/wp\/v2\/categories?post=6449"},{"taxonomy":"post_tag","embeddable":true,"href":"https:\/\/blogs.correiobraziliense.com.br\/lianasabo\/wp-json\/wp\/v2\/tags?post=6449"}],"curies":[{"name":"wp","href":"https:\/\/api.w.org\/{rel}","templated":true}]}}