{"id":6440,"date":"2022-11-24T09:07:55","date_gmt":"2022-11-24T12:07:55","guid":{"rendered":"https:\/\/blogs.correiobraziliense.com.br\/lianasabo\/?p=6440"},"modified":"2022-11-25T17:32:14","modified_gmt":"2022-11-25T20:32:14","slug":"quinta-edicao-do-cerrado-wine-sera-neste-fim-de-semana","status":"publish","type":"post","link":"https:\/\/blogs.correiobraziliense.com.br\/lianasabo\/quinta-edicao-do-cerrado-wine-sera-neste-fim-de-semana\/","title":{"rendered":"Quinta edi\u00e7\u00e3o do Cerrado Wine ter\u00e1 dois dias de programa\u00e7\u00e3o"},"content":{"rendered":"<p>Tradicional evento de vinho, o Cerrado Wine chega \u00e0 quinta edi\u00e7\u00e3o neste fim de semana. Na sexta-feira (25\/11) e no s\u00e1bado (26), a feira desembarca na varanda do shopping P\u00e1tio Brasil. O p\u00fablico poder\u00e1 apreciar vinhos, cervejas, boa gastronomia e m\u00fasica.<\/p>\n<p>A carta, cuidadosamente criada pela Del Maipo, trar\u00e1 uma infinidade de brancos, tintos, ros\u00e9s e espumantes. \u201cEsse ano fizemos uma sele\u00e7\u00e3o dos melhores r\u00f3tulos do novo e do velho mundo. Teremos vinhos de diversos pa\u00edses, com destaque para importantes produtores como Espanha, Fran\u00e7a e Portugal, al\u00e9m de Argentina, Chile e Uruguai. A carta ter\u00e1 novidades: exemplares premiados e assinados por grandes en\u00f3logos como Pascal Marty e Marcelo Pelleriti. Em resumo, n\u00e3o vai faltar diversidade para o p\u00fablico\u201d, garante Guilherme Nascimento, o sommelier respons\u00e1vel.<\/p>\n<p>A cozinha do evento oferece um menu especial elaborado a partir de receitas de comida contempor\u00e2nea, pensadas para harmonizar perfeitamente com vinhos disponibilizados para a clientela. O Cerrado Wine funciona das 17h \u00e0 1h30. Ingressos a partir de R$ 50 (meia-entrada) \u00e0 venda pela <a href=\"https:\/\/www.bilheteriadigital.com\/cerrado-wine-25-de-novembro\">Bilheteria Digital<\/a>.<\/p>\n<p><strong>Programa\u00e7\u00e3o do Cerrado Wine<\/strong><\/p>\n<p><strong>Sexta (25\/11)<\/strong><\/p>\n<p>17h &#8211; Abertura<br \/>\n18h &#8211; DJ Leo Machado<br \/>\n22h &#8211; Banda Rocket C<br \/>\n1h30 &#8211; Encerramento<\/p>\n<p><strong>S\u00e1bado (26\/11)<\/strong><\/p>\n<p>17h &#8211; Abertura<br \/>\n18h &#8211; Cantata de Natal<br \/>\n19h &#8211; DJ Leo Gueddez<br \/>\n22h &#8211; Banda Vital<br \/>\n1h30 &#8211; Encerramento<\/p>\n","protected":false},"excerpt":{"rendered":"<p>Tradicional evento de vinho, o Cerrado Wine chega \u00e0 quinta edi\u00e7\u00e3o neste fim de semana. Na sexta-feira (25\/11) e no s\u00e1bado (26), a feira desembarca na varanda do shopping P\u00e1tio Brasil. O p\u00fablico poder\u00e1 apreciar vinhos, cervejas, boa gastronomia e m\u00fasica. A carta, cuidadosamente criada pela Del Maipo, trar\u00e1 uma infinidade de brancos, tintos, ros\u00e9s e espumantes. \u201cEsse ano fizemos [&hellip;]<\/p>\n","protected":false},"author":54,"featured_media":6441,"comment_status":"open","ping_status":"open","sticky":false,"template":"","format":"standard","meta":{"footnotes":""},"categories":[222],"tags":[647],"class_list":["post-6440","post","type-post","status-publish","format-standard","has-post-thumbnail","hentry","category-vinhos","tag-cerrado-wine"],"_links":{"self":[{"href":"https:\/\/blogs.correiobraziliense.com.br\/lianasabo\/wp-json\/wp\/v2\/posts\/6440","targetHints":{"allow":["GET"]}}],"collection":[{"href":"https:\/\/blogs.correiobraziliense.com.br\/lianasabo\/wp-json\/wp\/v2\/posts"}],"about":[{"href":"https:\/\/blogs.correiobraziliense.com.br\/lianasabo\/wp-json\/wp\/v2\/types\/post"}],"author":[{"embeddable":true,"href":"https:\/\/blogs.correiobraziliense.com.br\/lianasabo\/wp-json\/wp\/v2\/users\/54"}],"replies":[{"embeddable":true,"href":"https:\/\/blogs.correiobraziliense.com.br\/lianasabo\/wp-json\/wp\/v2\/comments?post=6440"}],"version-history":[{"count":2,"href":"https:\/\/blogs.correiobraziliense.com.br\/lianasabo\/wp-json\/wp\/v2\/posts\/6440\/revisions"}],"predecessor-version":[{"id":6464,"href":"https:\/\/blogs.correiobraziliense.com.br\/lianasabo\/wp-json\/wp\/v2\/posts\/6440\/revisions\/6464"}],"wp:featuredmedia":[{"embeddable":true,"href":"https:\/\/blogs.correiobraziliense.com.br\/lianasabo\/wp-json\/wp\/v2\/media\/6441"}],"wp:attachment":[{"href":"https:\/\/blogs.correiobraziliense.com.br\/lianasabo\/wp-json\/wp\/v2\/media?parent=6440"}],"wp:term":[{"taxonomy":"category","embeddable":true,"href":"https:\/\/blogs.correiobraziliense.com.br\/lianasabo\/wp-json\/wp\/v2\/categories?post=6440"},{"taxonomy":"post_tag","embeddable":true,"href":"https:\/\/blogs.correiobraziliense.com.br\/lianasabo\/wp-json\/wp\/v2\/tags?post=6440"}],"curies":[{"name":"wp","href":"https:\/\/api.w.org\/{rel}","templated":true}]}}