{"id":6424,"date":"2022-11-18T06:07:46","date_gmt":"2022-11-18T09:07:46","guid":{"rendered":"https:\/\/blogs.correiobraziliense.com.br\/lianasabo\/?p=6424"},"modified":"2022-11-17T17:09:55","modified_gmt":"2022-11-17T20:09:55","slug":"verde-e-amarelo-nos-pratos-do-restaurante-aroma","status":"publish","type":"post","link":"https:\/\/blogs.correiobraziliense.com.br\/lianasabo\/verde-e-amarelo-nos-pratos-do-restaurante-aroma\/","title":{"rendered":"Verde e amarelo nos pratos do restaurante Aroma"},"content":{"rendered":"<p>O chef Ronny Peterson vai levar as cores do Brasil para os pratos do restaurante Aroma (407 Sul) durante o per\u00edodo da competi\u00e7\u00e3o. As cores da bandeira &#8211; verde, amarelo e azul &#8211; estar\u00e3o representadas nas massas servidas pela casa. At\u00e9 o sagu de tapioca servido com steak tartare ter\u00e1 nova colora\u00e7\u00e3o, adotando o azul da nova camisa da Sele\u00e7\u00e3o Canarinho. Mais informa\u00e7\u00f5es: (61) 99208-5392.<\/p>\n","protected":false},"excerpt":{"rendered":"<p>O chef Ronny Peterson vai levar as cores do Brasil para os pratos do restaurante Aroma (407 Sul) durante o per\u00edodo da competi\u00e7\u00e3o. As cores da bandeira &#8211; verde, amarelo e azul &#8211; estar\u00e3o representadas nas massas servidas pela casa. At\u00e9 o sagu de tapioca servido com steak tartare ter\u00e1 nova colora\u00e7\u00e3o, adotando o azul da nova camisa da Sele\u00e7\u00e3o [&hellip;]<\/p>\n","protected":false},"author":54,"featured_media":6425,"comment_status":"open","ping_status":"open","sticky":false,"template":"","format":"standard","meta":{"footnotes":""},"categories":[326],"tags":[645,624],"class_list":["post-6424","post","type-post","status-publish","format-standard","has-post-thumbnail","hentry","category-restaurantes","tag-aroma-restaurante","tag-copa-do-mundo"],"_links":{"self":[{"href":"https:\/\/blogs.correiobraziliense.com.br\/lianasabo\/wp-json\/wp\/v2\/posts\/6424","targetHints":{"allow":["GET"]}}],"collection":[{"href":"https:\/\/blogs.correiobraziliense.com.br\/lianasabo\/wp-json\/wp\/v2\/posts"}],"about":[{"href":"https:\/\/blogs.correiobraziliense.com.br\/lianasabo\/wp-json\/wp\/v2\/types\/post"}],"author":[{"embeddable":true,"href":"https:\/\/blogs.correiobraziliense.com.br\/lianasabo\/wp-json\/wp\/v2\/users\/54"}],"replies":[{"embeddable":true,"href":"https:\/\/blogs.correiobraziliense.com.br\/lianasabo\/wp-json\/wp\/v2\/comments?post=6424"}],"version-history":[{"count":1,"href":"https:\/\/blogs.correiobraziliense.com.br\/lianasabo\/wp-json\/wp\/v2\/posts\/6424\/revisions"}],"predecessor-version":[{"id":6426,"href":"https:\/\/blogs.correiobraziliense.com.br\/lianasabo\/wp-json\/wp\/v2\/posts\/6424\/revisions\/6426"}],"wp:featuredmedia":[{"embeddable":true,"href":"https:\/\/blogs.correiobraziliense.com.br\/lianasabo\/wp-json\/wp\/v2\/media\/6425"}],"wp:attachment":[{"href":"https:\/\/blogs.correiobraziliense.com.br\/lianasabo\/wp-json\/wp\/v2\/media?parent=6424"}],"wp:term":[{"taxonomy":"category","embeddable":true,"href":"https:\/\/blogs.correiobraziliense.com.br\/lianasabo\/wp-json\/wp\/v2\/categories?post=6424"},{"taxonomy":"post_tag","embeddable":true,"href":"https:\/\/blogs.correiobraziliense.com.br\/lianasabo\/wp-json\/wp\/v2\/tags?post=6424"}],"curies":[{"name":"wp","href":"https:\/\/api.w.org\/{rel}","templated":true}]}}