{"id":6419,"date":"2022-11-18T06:48:30","date_gmt":"2022-11-18T09:48:30","guid":{"rendered":"https:\/\/blogs.correiobraziliense.com.br\/lianasabo\/?p=6419"},"modified":"2022-11-17T17:07:01","modified_gmt":"2022-11-17T20:07:01","slug":"dudu-bar-prepara-cardapio-especial-para-a-copa-do-mundo","status":"publish","type":"post","link":"https:\/\/blogs.correiobraziliense.com.br\/lianasabo\/dudu-bar-prepara-cardapio-especial-para-a-copa-do-mundo\/","title":{"rendered":"Dudu Bar prepara card\u00e1pio especial para a Copa do Mundo"},"content":{"rendered":"<p>J\u00e1 s\u00e3o duas d\u00e9cadas desde que o Brasil conquistou uma Copa do Mundo. O grito de hexa est\u00e1 entalado na garganta do brasileiro. Com uma equipe promissora, o torcedor come\u00e7a a sonhar com o t\u00edtulo e, quem sabe, vingar o 7&#215;1 que a Sele\u00e7\u00e3o canarinho levou em 2014 contra a Alemanha no Est\u00e1dio Mineir\u00e3o.<\/p>\n<p>O chef Dudu Camargo \u00e9 um dos milh\u00f5es de brasileiros desejando um final feliz no Qatar. Inspirado na alegria que o campeonato evoca no pa\u00eds, ele preparou um menu especial para os dias de jogos da Sele\u00e7\u00e3o Brasileira em que o p\u00fablico poder\u00e1 ver a partida ao mesmo tempo em que aprecia a boa gastronomia do Dudu Bar, na 303 Sul. O card\u00e1pio ser\u00e1 apresentado em dois formatos, a depender do hor\u00e1rio da transmiss\u00e3o e vale enquanto o Brasil estiver jogando.<\/p>\n<figure id=\"attachment_6422\" aria-describedby=\"caption-attachment-6422\" style=\"width: 300px\" class=\"wp-caption alignright\"><a href=\"https:\/\/blogs.correiobraziliense.com.br\/lianasabo\/wp-content\/uploads\/sites\/25\/2022\/11\/Petiscos-Copa-DUDU-BAR-Credito-Agencia-Vera360.jpg\"><img loading=\"lazy\" decoding=\"async\" class=\"size-medium wp-image-6422\" src=\"https:\/\/blogs.correiobraziliense.com.br\/lianasabo\/wp-content\/uploads\/sites\/25\/2022\/11\/Petiscos-Copa-DUDU-BAR-Credito-Agencia-Vera360-300x200.jpg\" alt=\"\" width=\"300\" height=\"200\" srcset=\"https:\/\/blogs.correiobraziliense.com.br\/lianasabo\/wp-content\/uploads\/sites\/25\/2022\/11\/Petiscos-Copa-DUDU-BAR-Credito-Agencia-Vera360-300x200.jpg 300w, https:\/\/blogs.correiobraziliense.com.br\/lianasabo\/wp-content\/uploads\/sites\/25\/2022\/11\/Petiscos-Copa-DUDU-BAR-Credito-Agencia-Vera360-768x512.jpg 768w, https:\/\/blogs.correiobraziliense.com.br\/lianasabo\/wp-content\/uploads\/sites\/25\/2022\/11\/Petiscos-Copa-DUDU-BAR-Credito-Agencia-Vera360.jpg 800w, https:\/\/blogs.correiobraziliense.com.br\/lianasabo\/wp-content\/uploads\/sites\/25\/2022\/11\/Petiscos-Copa-DUDU-BAR-Credito-Agencia-Vera360-550x366.jpg 550w, https:\/\/blogs.correiobraziliense.com.br\/lianasabo\/wp-content\/uploads\/sites\/25\/2022\/11\/Petiscos-Copa-DUDU-BAR-Credito-Agencia-Vera360-230x153.jpg 230w\" sizes=\"auto, (max-width: 300px) 100vw, 300px\" \/><\/a><figcaption id=\"caption-attachment-6422\" class=\"wp-caption-text\">Antespastos. Cr\u00e9dit:o: Agencia Vera360\/divulga\u00e7\u00e3o<\/figcaption><\/figure>\n<p>Nos dias 24 de novembro e 2 de dezembro, o Brasil entra em campo \u00e0s 16h contra S\u00e9rvia e Camar\u00f5es, respectivamente. No Dudu Bar, fica escalado o pot-pourri de aperitivos por R$ 197,90 (por pessoa) com mini pizza de marguerita, brusqueta de queijo brie, pastel de feijoada, croquete de carne, carpaccio e ceviche para serem degustados \u00e0 vontade. Acompanha bebidas n\u00e3o alco\u00f3licas, tr\u00eas drinques da casa (qualquer um do card\u00e1pio) ou um vinho Dona Florencia Carmenere ou um espumante Gran Legado Brut.<\/p>\n<p>No dia 28 de novembro, quando o Brasil enfrenta a Su\u00ed\u00e7a, o card\u00e1pio \u00e9 voltado para o per\u00edodo do almo\u00e7o. Ser\u00e3o servidos o antepasto, composto de cesta de p\u00e3es e torradas com manteigas arom\u00e1ticas e pastas da casa, e tr\u00eas op\u00e7\u00f5es de pratos principais: ravioli de mu\u00e7arela de b\u00fafala ao molho pomodoro; peito de frango grelhado ao molho de mel acompanhado de risoto de queijo brie; e escalope de fil\u00e9 grelhado ao molho de lim\u00e3o com pur\u00ea de sete vegetais com am\u00eandoas douradas. O menu tamb\u00e9m custa R$ 197,90 e d\u00e1 direito a bebidas n\u00e3o alco\u00f3licas.<\/p>\n<figure id=\"attachment_6420\" aria-describedby=\"caption-attachment-6420\" style=\"width: 300px\" class=\"wp-caption alignleft\"><a href=\"https:\/\/blogs.correiobraziliense.com.br\/lianasabo\/wp-content\/uploads\/sites\/25\/2022\/11\/Escaolpe-de-file-grelhado-Credito-Agencia-Vera360.jpg\"><img loading=\"lazy\" decoding=\"async\" class=\"wp-image-6420 size-medium\" src=\"https:\/\/blogs.correiobraziliense.com.br\/lianasabo\/wp-content\/uploads\/sites\/25\/2022\/11\/Escaolpe-de-file-grelhado-Credito-Agencia-Vera360-300x200.jpg\" alt=\"\" width=\"300\" height=\"200\" srcset=\"https:\/\/blogs.correiobraziliense.com.br\/lianasabo\/wp-content\/uploads\/sites\/25\/2022\/11\/Escaolpe-de-file-grelhado-Credito-Agencia-Vera360-300x200.jpg 300w, https:\/\/blogs.correiobraziliense.com.br\/lianasabo\/wp-content\/uploads\/sites\/25\/2022\/11\/Escaolpe-de-file-grelhado-Credito-Agencia-Vera360-768x512.jpg 768w, https:\/\/blogs.correiobraziliense.com.br\/lianasabo\/wp-content\/uploads\/sites\/25\/2022\/11\/Escaolpe-de-file-grelhado-Credito-Agencia-Vera360.jpg 800w, https:\/\/blogs.correiobraziliense.com.br\/lianasabo\/wp-content\/uploads\/sites\/25\/2022\/11\/Escaolpe-de-file-grelhado-Credito-Agencia-Vera360-550x366.jpg 550w, https:\/\/blogs.correiobraziliense.com.br\/lianasabo\/wp-content\/uploads\/sites\/25\/2022\/11\/Escaolpe-de-file-grelhado-Credito-Agencia-Vera360-230x153.jpg 230w\" sizes=\"auto, (max-width: 300px) 100vw, 300px\" \/><\/a><figcaption id=\"caption-attachment-6420\" class=\"wp-caption-text\">Escalope de fil\u00e9 grelhado. Cr\u00e9dito: Agencia Vera360\/Divulga\u00e7\u00e3o<\/figcaption><\/figure>\n<p><strong>Brindes e novo menu<\/strong><\/p>\n<p>Ao longo dos jogos, o restaurante ter\u00e1 promo\u00e7\u00f5es. A cada gol do Brasil, quem estiver consumindo o menu especial ganha dois voucher de drinques para utilizar ap\u00f3s a Copa. Caso o Brasil consiga um placar de 7 a 1 contra o advers\u00e1rio, a pessoa ganha um voucher no valor de R$ 1 mil para consumo na casa at\u00e9 mar\u00e7o de 2023.<\/p>\n<p>Se o Brasil passar da primeira fase, o menu da Copa ser\u00e1 modificado, como avisa o chef. &#8220;Se o Brasil for para as oitavas de final, a promo\u00e7\u00e3o segue a mesma, mas o card\u00e1pio vai ser inspirado no Brasil e tamb\u00e9m no pa\u00eds que estamos jogando. Faremos uma brincadeira com a comida de entrada e prato principal&#8221;, anuncia Dudu Camargo.<\/p>\n<p>As reservas podem ser feitas pelo n\u00famero de WhatsApp (61) 9341-0055. O restaurante funciona de segunda a quarta, das 12h \u00e0s 15h e das 18h \u00e0 0h; quinta-feira, das 12h \u00e0s 15h e 18h \u00e0 1h; sexta-feira e s\u00e1bado, das 12h \u00e0s 2h; e domingo, das 12h \u00e0s 17h.<\/p>\n","protected":false},"excerpt":{"rendered":"<p>J\u00e1 s\u00e3o duas d\u00e9cadas desde que o Brasil conquistou uma Copa do Mundo. O grito de hexa est\u00e1 entalado na garganta do brasileiro. Com uma equipe promissora, o torcedor come\u00e7a a sonhar com o t\u00edtulo e, quem sabe, vingar o 7&#215;1 que a Sele\u00e7\u00e3o canarinho levou em 2014 contra a Alemanha no Est\u00e1dio Mineir\u00e3o. O chef Dudu Camargo \u00e9 um [&hellip;]<\/p>\n","protected":false},"author":54,"featured_media":6421,"comment_status":"open","ping_status":"open","sticky":false,"template":"","format":"standard","meta":{"footnotes":""},"categories":[326],"tags":[644,144],"class_list":["post-6419","post","type-post","status-publish","format-standard","has-post-thumbnail","hentry","category-restaurantes","tag-copa","tag-dudu-bar"],"_links":{"self":[{"href":"https:\/\/blogs.correiobraziliense.com.br\/lianasabo\/wp-json\/wp\/v2\/posts\/6419","targetHints":{"allow":["GET"]}}],"collection":[{"href":"https:\/\/blogs.correiobraziliense.com.br\/lianasabo\/wp-json\/wp\/v2\/posts"}],"about":[{"href":"https:\/\/blogs.correiobraziliense.com.br\/lianasabo\/wp-json\/wp\/v2\/types\/post"}],"author":[{"embeddable":true,"href":"https:\/\/blogs.correiobraziliense.com.br\/lianasabo\/wp-json\/wp\/v2\/users\/54"}],"replies":[{"embeddable":true,"href":"https:\/\/blogs.correiobraziliense.com.br\/lianasabo\/wp-json\/wp\/v2\/comments?post=6419"}],"version-history":[{"count":1,"href":"https:\/\/blogs.correiobraziliense.com.br\/lianasabo\/wp-json\/wp\/v2\/posts\/6419\/revisions"}],"predecessor-version":[{"id":6423,"href":"https:\/\/blogs.correiobraziliense.com.br\/lianasabo\/wp-json\/wp\/v2\/posts\/6419\/revisions\/6423"}],"wp:featuredmedia":[{"embeddable":true,"href":"https:\/\/blogs.correiobraziliense.com.br\/lianasabo\/wp-json\/wp\/v2\/media\/6421"}],"wp:attachment":[{"href":"https:\/\/blogs.correiobraziliense.com.br\/lianasabo\/wp-json\/wp\/v2\/media?parent=6419"}],"wp:term":[{"taxonomy":"category","embeddable":true,"href":"https:\/\/blogs.correiobraziliense.com.br\/lianasabo\/wp-json\/wp\/v2\/categories?post=6419"},{"taxonomy":"post_tag","embeddable":true,"href":"https:\/\/blogs.correiobraziliense.com.br\/lianasabo\/wp-json\/wp\/v2\/tags?post=6419"}],"curies":[{"name":"wp","href":"https:\/\/api.w.org\/{rel}","templated":true}]}}