{"id":6416,"date":"2022-11-14T18:41:54","date_gmt":"2022-11-14T21:41:54","guid":{"rendered":"https:\/\/blogs.correiobraziliense.com.br\/lianasabo\/?p=6416"},"modified":"2022-11-14T18:41:54","modified_gmt":"2022-11-14T21:41:54","slug":"evento-de-vinhos-wine-fair-e-nesta-quinta-feira-17","status":"publish","type":"post","link":"https:\/\/blogs.correiobraziliense.com.br\/lianasabo\/evento-de-vinhos-wine-fair-e-nesta-quinta-feira-17\/","title":{"rendered":"Evento de vinhos, Wine Fair \u00e9 nesta quinta-feira (17)"},"content":{"rendered":"<p>Com mais de 300 r\u00f3tulos de vinho a serem degustados, o Wine Fair ser\u00e1 no pr\u00f3ximo dia 17, a partir das 19h30, na Ascade (Setor de Clubes Sul, Trecho 2). Al\u00e9m das bebidas, o p\u00fablico poder\u00e1 apreciar espumantes e comidinhas para harmoniza\u00e7\u00e3o.<\/p>\n<p>A mesa de frios ser\u00e1 composta por produtos da Seara Gourmet, queijos da Tirolez e p\u00e3es e pastas da Belini Caf\u00e9. Ostras frescas vindas de Santa Catarina tamb\u00e9m est\u00e3o \u00e0 venda. O ingresso custa R$ 150 no site Sympla ou na loja da Rota do Vinho, na 410 Sul.<\/p>\n<p><a href=\"https:\/\/blogs.correiobraziliense.com.br\/lianasabo\/wp-content\/uploads\/sites\/25\/2022\/11\/WhatsApp-Image-2022-11-14-at-10.54.16.jpeg\"><img loading=\"lazy\" decoding=\"async\" class=\"aligncenter size-large wp-image-6417\" src=\"https:\/\/blogs.correiobraziliense.com.br\/lianasabo\/wp-content\/uploads\/sites\/25\/2022\/11\/WhatsApp-Image-2022-11-14-at-10.54.16-576x1024.jpeg\" alt=\"\" width=\"576\" height=\"1024\" srcset=\"https:\/\/blogs.correiobraziliense.com.br\/lianasabo\/wp-content\/uploads\/sites\/25\/2022\/11\/WhatsApp-Image-2022-11-14-at-10.54.16.jpeg 576w, https:\/\/blogs.correiobraziliense.com.br\/lianasabo\/wp-content\/uploads\/sites\/25\/2022\/11\/WhatsApp-Image-2022-11-14-at-10.54.16-169x300.jpeg 169w, https:\/\/blogs.correiobraziliense.com.br\/lianasabo\/wp-content\/uploads\/sites\/25\/2022\/11\/WhatsApp-Image-2022-11-14-at-10.54.16-550x978.jpeg 550w, https:\/\/blogs.correiobraziliense.com.br\/lianasabo\/wp-content\/uploads\/sites\/25\/2022\/11\/WhatsApp-Image-2022-11-14-at-10.54.16-230x409.jpeg 230w\" sizes=\"auto, (max-width: 576px) 100vw, 576px\" \/><\/a><\/p>\n","protected":false},"excerpt":{"rendered":"<p>Com mais de 300 r\u00f3tulos de vinho a serem degustados, o Wine Fair ser\u00e1 no pr\u00f3ximo dia 17, a partir das 19h30, na Ascade (Setor de Clubes Sul, Trecho 2). Al\u00e9m das bebidas, o p\u00fablico poder\u00e1 apreciar espumantes e comidinhas para harmoniza\u00e7\u00e3o. A mesa de frios ser\u00e1 composta por produtos da Seara Gourmet, queijos da Tirolez e p\u00e3es e pastas [&hellip;]<\/p>\n","protected":false},"author":54,"featured_media":0,"comment_status":"open","ping_status":"open","sticky":false,"template":"","format":"standard","meta":{"footnotes":""},"categories":[222],"tags":[363,92,297],"class_list":["post-6416","post","type-post","status-publish","format-standard","hentry","category-vinhos","tag-evento","tag-vinho","tag-wine-fair"],"_links":{"self":[{"href":"https:\/\/blogs.correiobraziliense.com.br\/lianasabo\/wp-json\/wp\/v2\/posts\/6416","targetHints":{"allow":["GET"]}}],"collection":[{"href":"https:\/\/blogs.correiobraziliense.com.br\/lianasabo\/wp-json\/wp\/v2\/posts"}],"about":[{"href":"https:\/\/blogs.correiobraziliense.com.br\/lianasabo\/wp-json\/wp\/v2\/types\/post"}],"author":[{"embeddable":true,"href":"https:\/\/blogs.correiobraziliense.com.br\/lianasabo\/wp-json\/wp\/v2\/users\/54"}],"replies":[{"embeddable":true,"href":"https:\/\/blogs.correiobraziliense.com.br\/lianasabo\/wp-json\/wp\/v2\/comments?post=6416"}],"version-history":[{"count":1,"href":"https:\/\/blogs.correiobraziliense.com.br\/lianasabo\/wp-json\/wp\/v2\/posts\/6416\/revisions"}],"predecessor-version":[{"id":6418,"href":"https:\/\/blogs.correiobraziliense.com.br\/lianasabo\/wp-json\/wp\/v2\/posts\/6416\/revisions\/6418"}],"wp:attachment":[{"href":"https:\/\/blogs.correiobraziliense.com.br\/lianasabo\/wp-json\/wp\/v2\/media?parent=6416"}],"wp:term":[{"taxonomy":"category","embeddable":true,"href":"https:\/\/blogs.correiobraziliense.com.br\/lianasabo\/wp-json\/wp\/v2\/categories?post=6416"},{"taxonomy":"post_tag","embeddable":true,"href":"https:\/\/blogs.correiobraziliense.com.br\/lianasabo\/wp-json\/wp\/v2\/tags?post=6416"}],"curies":[{"name":"wp","href":"https:\/\/api.w.org\/{rel}","templated":true}]}}