{"id":6389,"date":"2022-11-11T06:22:14","date_gmt":"2022-11-11T09:22:14","guid":{"rendered":"https:\/\/blogs.correiobraziliense.com.br\/lianasabo\/?p=6389"},"modified":"2022-11-03T20:26:09","modified_gmt":"2022-11-03T23:26:09","slug":"taberna-lusitana-aposta-em-iguaria-tradicional-de-portugal","status":"publish","type":"post","link":"https:\/\/blogs.correiobraziliense.com.br\/lianasabo\/taberna-lusitana-aposta-em-iguaria-tradicional-de-portugal\/","title":{"rendered":"Taberna Lusitana aposta em iguaria tradicional de Portugal"},"content":{"rendered":"<p>Um ano depois de se instalar na 412 sul (Bloco C) a Taberna Lusitana continua sendo um estabelecimento simples e sem luxo, mas a comida melhorou muito a ponto do propriet\u00e1rio Tiago Reis, um aquariano de Lisboa, inscrever a casa no Festival Mundo Gastr\u00f4, cuja segunda edi\u00e7\u00e3o foca justamente a culin\u00e1ria portuguesa. Nele, a grife concorre com o prato de bacalhau no forno, batatas ao murro, ovo cozido e arroz de br\u00f3colis, precedido por pataniscas de bacalhau por R$ 114.<\/p>\n<figure id=\"attachment_6391\" aria-describedby=\"caption-attachment-6391\" style=\"width: 800px\" class=\"wp-caption aligncenter\"><a href=\"https:\/\/blogs.correiobraziliense.com.br\/lianasabo\/wp-content\/uploads\/sites\/25\/2022\/11\/A\u00e7orda-de-marisco2.jpeg\"><img loading=\"lazy\" decoding=\"async\" class=\"wp-image-6391 size-full\" src=\"https:\/\/blogs.correiobraziliense.com.br\/lianasabo\/wp-content\/uploads\/sites\/25\/2022\/11\/A\u00e7orda-de-marisco2.jpeg\" alt=\"\" width=\"800\" height=\"533\" srcset=\"https:\/\/blogs.correiobraziliense.com.br\/lianasabo\/wp-content\/uploads\/sites\/25\/2022\/11\/A\u00e7orda-de-marisco2.jpeg 800w, https:\/\/blogs.correiobraziliense.com.br\/lianasabo\/wp-content\/uploads\/sites\/25\/2022\/11\/A\u00e7orda-de-marisco2-300x200.jpeg 300w, https:\/\/blogs.correiobraziliense.com.br\/lianasabo\/wp-content\/uploads\/sites\/25\/2022\/11\/A\u00e7orda-de-marisco2-768x512.jpeg 768w, https:\/\/blogs.correiobraziliense.com.br\/lianasabo\/wp-content\/uploads\/sites\/25\/2022\/11\/A\u00e7orda-de-marisco2-550x366.jpeg 550w, https:\/\/blogs.correiobraziliense.com.br\/lianasabo\/wp-content\/uploads\/sites\/25\/2022\/11\/A\u00e7orda-de-marisco2-230x153.jpeg 230w\" sizes=\"auto, (max-width: 800px) 100vw, 800px\" \/><\/a><figcaption id=\"caption-attachment-6391\" class=\"wp-caption-text\">A\u00e7orda de marisco. Cr\u00e9dito: Victor Rocha\/divulga\u00e7\u00e3o<\/figcaption><\/figure>\n<p>No novo menu h\u00e1 uma iguaria muito tradicional do sul de Portugal, a a\u00e7orda que pode ser feita de v\u00e1rias formas. L\u00e1, vem em duas vers\u00f5es bacalhau ou frutos do mar. \u201cMinha av\u00f3 alentejana fazia com p\u00e3o de miga (branco de farinha de trigo com miolo macio) misturado ao azeite, alho e coentro e ao bacalhau cozido\u201d, diz Tiago. A\u00e7orda sai por R$ 295 e serve tr\u00eas pessoas. H\u00e1 ainda um delicioso arroz de pato desfiado e chouri\u00e7o portugu\u00eas, al\u00e9m do bacalhau \u00e0 moda de Braga, onde o restaurateur portugu\u00eas viveu por 15 anos. Funciona todos os dias, das 11h30 \u00e0s 23h30. Encomendas e reservas por whatsapp 98123-6353.<\/p>\n","protected":false},"excerpt":{"rendered":"<p>Um ano depois de se instalar na 412 sul (Bloco C) a Taberna Lusitana continua sendo um estabelecimento simples e sem luxo, mas a comida melhorou muito a ponto do propriet\u00e1rio Tiago Reis, um aquariano de Lisboa, inscrever a casa no Festival Mundo Gastr\u00f4, cuja segunda edi\u00e7\u00e3o foca justamente a culin\u00e1ria portuguesa. Nele, a grife concorre com o prato de [&hellip;]<\/p>\n","protected":false},"author":54,"featured_media":6390,"comment_status":"open","ping_status":"open","sticky":false,"template":"","format":"standard","meta":{"footnotes":""},"categories":[320],"tags":[641,346],"class_list":["post-6389","post","type-post","status-publish","format-standard","has-post-thumbnail","hentry","category-culinaria-internacional","tag-culinaria-portuguesa","tag-taberna-lusitana"],"_links":{"self":[{"href":"https:\/\/blogs.correiobraziliense.com.br\/lianasabo\/wp-json\/wp\/v2\/posts\/6389","targetHints":{"allow":["GET"]}}],"collection":[{"href":"https:\/\/blogs.correiobraziliense.com.br\/lianasabo\/wp-json\/wp\/v2\/posts"}],"about":[{"href":"https:\/\/blogs.correiobraziliense.com.br\/lianasabo\/wp-json\/wp\/v2\/types\/post"}],"author":[{"embeddable":true,"href":"https:\/\/blogs.correiobraziliense.com.br\/lianasabo\/wp-json\/wp\/v2\/users\/54"}],"replies":[{"embeddable":true,"href":"https:\/\/blogs.correiobraziliense.com.br\/lianasabo\/wp-json\/wp\/v2\/comments?post=6389"}],"version-history":[{"count":1,"href":"https:\/\/blogs.correiobraziliense.com.br\/lianasabo\/wp-json\/wp\/v2\/posts\/6389\/revisions"}],"predecessor-version":[{"id":6392,"href":"https:\/\/blogs.correiobraziliense.com.br\/lianasabo\/wp-json\/wp\/v2\/posts\/6389\/revisions\/6392"}],"wp:featuredmedia":[{"embeddable":true,"href":"https:\/\/blogs.correiobraziliense.com.br\/lianasabo\/wp-json\/wp\/v2\/media\/6390"}],"wp:attachment":[{"href":"https:\/\/blogs.correiobraziliense.com.br\/lianasabo\/wp-json\/wp\/v2\/media?parent=6389"}],"wp:term":[{"taxonomy":"category","embeddable":true,"href":"https:\/\/blogs.correiobraziliense.com.br\/lianasabo\/wp-json\/wp\/v2\/categories?post=6389"},{"taxonomy":"post_tag","embeddable":true,"href":"https:\/\/blogs.correiobraziliense.com.br\/lianasabo\/wp-json\/wp\/v2\/tags?post=6389"}],"curies":[{"name":"wp","href":"https:\/\/api.w.org\/{rel}","templated":true}]}}