{"id":6366,"date":"2022-11-04T06:46:58","date_gmt":"2022-11-04T09:46:58","guid":{"rendered":"https:\/\/blogs.correiobraziliense.com.br\/lianasabo\/?p=6366"},"modified":"2022-11-03T19:14:58","modified_gmt":"2022-11-03T22:14:58","slug":"festa-na-mata-para-a-chef-mara-alcamim","status":"publish","type":"post","link":"https:\/\/blogs.correiobraziliense.com.br\/lianasabo\/festa-na-mata-para-a-chef-mara-alcamim\/","title":{"rendered":"Festa na mata para a chef Mara Alcamim"},"content":{"rendered":"<p>Ao completar dois anos na Chapada dos Veadeiros, o restaurante Na Mata de Mara Alcamim vai dar filhote. Ser\u00e1 chamado Farofa e como o nome indica um recanto buc\u00f3lico especializado no ingrediente mais genuinamente brasileiro, que \u00e9 a farinha. Com ela se pode fazer in\u00fameros sabores tantos quanto a criatividade permite. E isso a premiada chef brasiliense, fundadora do Universal, tem de sobra. S\u00e1bado, dia 12, ela soprar\u00e1 as velinhas do bolo de anivers\u00e1rio numa festa inesquec\u00edvel.<\/p>\n<p>\u201cSomos muito gratas pelo que vivemos at\u00e9 aqui. E nada como receber os amigos e clientes em nossa casa com muito amor, arte e aquela comida que s\u00f3 Mara sabe preparar para n\u00f3s\u201d, convida Luciana Alcamim, que idealizou a celebra\u00e7\u00e3o com Jazz &amp; orgia gastron\u00f4mica, animada pelo trio de artistas: Tico de Moraes, guitarrista; Izabella Rocha (Natiruts) e a DJ Mica, no hor\u00e1rio de 19h \u00e0s 22h. O primeiro lote sai por R$ 290. Vendas pelo 98177-0678 (whatsapp).<\/p>\n","protected":false},"excerpt":{"rendered":"<p>Ao completar dois anos na Chapada dos Veadeiros, o restaurante Na Mata de Mara Alcamim vai dar filhote. Ser\u00e1 chamado Farofa e como o nome indica um recanto buc\u00f3lico especializado no ingrediente mais genuinamente brasileiro, que \u00e9 a farinha. Com ela se pode fazer in\u00fameros sabores tantos quanto a criatividade permite. E isso a premiada chef brasiliense, fundadora do Universal, [&hellip;]<\/p>\n","protected":false},"author":54,"featured_media":6374,"comment_status":"open","ping_status":"open","sticky":false,"template":"","format":"standard","meta":{"footnotes":""},"categories":[486],"tags":[38],"class_list":["post-6366","post","type-post","status-publish","format-standard","has-post-thumbnail","hentry","category-evento","tag-mara-alcamim"],"_links":{"self":[{"href":"https:\/\/blogs.correiobraziliense.com.br\/lianasabo\/wp-json\/wp\/v2\/posts\/6366","targetHints":{"allow":["GET"]}}],"collection":[{"href":"https:\/\/blogs.correiobraziliense.com.br\/lianasabo\/wp-json\/wp\/v2\/posts"}],"about":[{"href":"https:\/\/blogs.correiobraziliense.com.br\/lianasabo\/wp-json\/wp\/v2\/types\/post"}],"author":[{"embeddable":true,"href":"https:\/\/blogs.correiobraziliense.com.br\/lianasabo\/wp-json\/wp\/v2\/users\/54"}],"replies":[{"embeddable":true,"href":"https:\/\/blogs.correiobraziliense.com.br\/lianasabo\/wp-json\/wp\/v2\/comments?post=6366"}],"version-history":[{"count":1,"href":"https:\/\/blogs.correiobraziliense.com.br\/lianasabo\/wp-json\/wp\/v2\/posts\/6366\/revisions"}],"predecessor-version":[{"id":6367,"href":"https:\/\/blogs.correiobraziliense.com.br\/lianasabo\/wp-json\/wp\/v2\/posts\/6366\/revisions\/6367"}],"wp:featuredmedia":[{"embeddable":true,"href":"https:\/\/blogs.correiobraziliense.com.br\/lianasabo\/wp-json\/wp\/v2\/media\/6374"}],"wp:attachment":[{"href":"https:\/\/blogs.correiobraziliense.com.br\/lianasabo\/wp-json\/wp\/v2\/media?parent=6366"}],"wp:term":[{"taxonomy":"category","embeddable":true,"href":"https:\/\/blogs.correiobraziliense.com.br\/lianasabo\/wp-json\/wp\/v2\/categories?post=6366"},{"taxonomy":"post_tag","embeddable":true,"href":"https:\/\/blogs.correiobraziliense.com.br\/lianasabo\/wp-json\/wp\/v2\/tags?post=6366"}],"curies":[{"name":"wp","href":"https:\/\/api.w.org\/{rel}","templated":true}]}}