{"id":6363,"date":"2022-11-04T06:44:02","date_gmt":"2022-11-04T09:44:02","guid":{"rendered":"https:\/\/blogs.correiobraziliense.com.br\/lianasabo\/?p=6363"},"modified":"2022-11-03T19:13:21","modified_gmt":"2022-11-03T22:13:21","slug":"folclore-portugues-no-restaurante-tuga","status":"publish","type":"post","link":"https:\/\/blogs.correiobraziliense.com.br\/lianasabo\/folclore-portugues-no-restaurante-tuga\/","title":{"rendered":"Folclore portugu\u00eas no restaurante Tuga"},"content":{"rendered":"<figure id=\"attachment_6372\" aria-describedby=\"caption-attachment-6372\" style=\"width: 169px\" class=\"wp-caption alignright\"><a href=\"https:\/\/blogs.correiobraziliense.com.br\/lianasabo\/wp-content\/uploads\/sites\/25\/2022\/11\/WhatsApp-Image-2022-11-03-at-09.29.38.jpeg\"><img loading=\"lazy\" decoding=\"async\" class=\"size-medium wp-image-6372\" src=\"https:\/\/blogs.correiobraziliense.com.br\/lianasabo\/wp-content\/uploads\/sites\/25\/2022\/11\/WhatsApp-Image-2022-11-03-at-09.29.38-169x300.jpeg\" alt=\"\" width=\"169\" height=\"300\" srcset=\"https:\/\/blogs.correiobraziliense.com.br\/lianasabo\/wp-content\/uploads\/sites\/25\/2022\/11\/WhatsApp-Image-2022-11-03-at-09.29.38-169x300.jpeg 169w, https:\/\/blogs.correiobraziliense.com.br\/lianasabo\/wp-content\/uploads\/sites\/25\/2022\/11\/WhatsApp-Image-2022-11-03-at-09.29.38-768x1366.jpeg 768w, https:\/\/blogs.correiobraziliense.com.br\/lianasabo\/wp-content\/uploads\/sites\/25\/2022\/11\/WhatsApp-Image-2022-11-03-at-09.29.38.jpeg 576w, https:\/\/blogs.correiobraziliense.com.br\/lianasabo\/wp-content\/uploads\/sites\/25\/2022\/11\/WhatsApp-Image-2022-11-03-at-09.29.38-800x1423.jpeg 800w, https:\/\/blogs.correiobraziliense.com.br\/lianasabo\/wp-content\/uploads\/sites\/25\/2022\/11\/WhatsApp-Image-2022-11-03-at-09.29.38-550x978.jpeg 550w, https:\/\/blogs.correiobraziliense.com.br\/lianasabo\/wp-content\/uploads\/sites\/25\/2022\/11\/WhatsApp-Image-2022-11-03-at-09.29.38-230x409.jpeg 230w\" sizes=\"auto, (max-width: 169px) 100vw, 169px\" \/><\/a><figcaption id=\"caption-attachment-6372\" class=\"wp-caption-text\">Polvo assado com batatas, br\u00f3colis e ovo cozido. Cr\u00e9dito: Ant\u00f4nio Barrigana\/Divulga\u00e7\u00e3o<\/figcaption><\/figure>\n<p>O grupo folcl\u00f3rico portugu\u00eas de Goi\u00e2nia, que encantou o presidente de Portugal durante apresenta\u00e7\u00e3o em Taguatinga no bicenten\u00e1rio da independ\u00eancia do Brasil, volta \u00e0 capital no s\u00e1bado, 12, para cantar e dan\u00e7ar no restaurante Tuga, do Casa Park no Festival Mundo Gastr\u00f4, conex\u00e3o Portugal. \u201cSer\u00e3o dois momentos: \u00e0s 13h no almo\u00e7o e \u00e0s 20h30 no jantar\u201d, informa o propriet\u00e1rio Antonio Machado Barrigana.<\/p>\n<p>Voc\u00ea vai poder curtir o tiro liro e algumas dan\u00e7as de roda enquanto degusta os sabores da cozinha lusitana, entre eles, a aposta no festival Consta de uma deliciosa entrada de brandade de bacalhau com pur\u00ea de batata, noz moscada, azeitona, cebola e creme de leite, que introduz o prato principal bacalhau a lagareiro por R$ 114, o combo. Reservas: 98565-2325.<\/p>\n","protected":false},"excerpt":{"rendered":"<p>O grupo folcl\u00f3rico portugu\u00eas de Goi\u00e2nia, que encantou o presidente de Portugal durante apresenta\u00e7\u00e3o em Taguatinga no bicenten\u00e1rio da independ\u00eancia do Brasil, volta \u00e0 capital no s\u00e1bado, 12, para cantar e dan\u00e7ar no restaurante Tuga, do Casa Park no Festival Mundo Gastr\u00f4, conex\u00e3o Portugal. \u201cSer\u00e3o dois momentos: \u00e0s 13h no almo\u00e7o e \u00e0s 20h30 no jantar\u201d, informa o propriet\u00e1rio Antonio [&hellip;]<\/p>\n","protected":false},"author":54,"featured_media":6371,"comment_status":"open","ping_status":"open","sticky":false,"template":"","format":"standard","meta":{"footnotes":""},"categories":[486],"tags":[638,637],"class_list":["post-6363","post","type-post","status-publish","format-standard","has-post-thumbnail","hentry","category-evento","tag-show","tag-tuga"],"_links":{"self":[{"href":"https:\/\/blogs.correiobraziliense.com.br\/lianasabo\/wp-json\/wp\/v2\/posts\/6363","targetHints":{"allow":["GET"]}}],"collection":[{"href":"https:\/\/blogs.correiobraziliense.com.br\/lianasabo\/wp-json\/wp\/v2\/posts"}],"about":[{"href":"https:\/\/blogs.correiobraziliense.com.br\/lianasabo\/wp-json\/wp\/v2\/types\/post"}],"author":[{"embeddable":true,"href":"https:\/\/blogs.correiobraziliense.com.br\/lianasabo\/wp-json\/wp\/v2\/users\/54"}],"replies":[{"embeddable":true,"href":"https:\/\/blogs.correiobraziliense.com.br\/lianasabo\/wp-json\/wp\/v2\/comments?post=6363"}],"version-history":[{"count":4,"href":"https:\/\/blogs.correiobraziliense.com.br\/lianasabo\/wp-json\/wp\/v2\/posts\/6363\/revisions"}],"predecessor-version":[{"id":6373,"href":"https:\/\/blogs.correiobraziliense.com.br\/lianasabo\/wp-json\/wp\/v2\/posts\/6363\/revisions\/6373"}],"wp:featuredmedia":[{"embeddable":true,"href":"https:\/\/blogs.correiobraziliense.com.br\/lianasabo\/wp-json\/wp\/v2\/media\/6371"}],"wp:attachment":[{"href":"https:\/\/blogs.correiobraziliense.com.br\/lianasabo\/wp-json\/wp\/v2\/media?parent=6363"}],"wp:term":[{"taxonomy":"category","embeddable":true,"href":"https:\/\/blogs.correiobraziliense.com.br\/lianasabo\/wp-json\/wp\/v2\/categories?post=6363"},{"taxonomy":"post_tag","embeddable":true,"href":"https:\/\/blogs.correiobraziliense.com.br\/lianasabo\/wp-json\/wp\/v2\/tags?post=6363"}],"curies":[{"name":"wp","href":"https:\/\/api.w.org\/{rel}","templated":true}]}}