{"id":6350,"date":"2022-11-01T15:51:59","date_gmt":"2022-11-01T18:51:59","guid":{"rendered":"https:\/\/blogs.correiobraziliense.com.br\/lianasabo\/?p=6350"},"modified":"2022-11-01T15:51:59","modified_gmt":"2022-11-01T18:51:59","slug":"festival-pasta-week-prorrogado-por-mais-uma-semana","status":"publish","type":"post","link":"https:\/\/blogs.correiobraziliense.com.br\/lianasabo\/festival-pasta-week-prorrogado-por-mais-uma-semana\/","title":{"rendered":"Festival Pasta Week prorrogado por mais uma semana"},"content":{"rendered":"<p>O festival gastron\u00f4mico Pasta Week iniciado no \u00faltimo dia 24 na capital federal ter\u00e1 mais uma semana para ser apreciado pelo p\u00fablico brasiliense. Previsto para ser encerrado no dia 29, o evento se estende at\u00e9 6 de novembro.<\/p>\n<p style=\"text-align: left\">A programa\u00e7\u00e3o conta com 20 restaurantes e bistr\u00f4s que apresentam pratos exclusivos em que o macarr\u00e3o \u00e9 o grande destaque. H\u00e1 massas distintas, como espaguete, penne, rigatone, talharim, risoni e papardele, servidas com polvo, camar\u00e3o e molhos cl\u00e1ssicos italianos. O menu tem op\u00e7\u00f5es por R$ 49, R$ 59 e R$ 79.<\/p>\n<p>Entre a casas participantes est\u00e3o Babbo, Bar Bras\u00edlia, Bloco C, Cantucci Osteria, Capuccino, Dona Lenha (4 unidades), Gran Bier, Jamie Oliver Kitchen, Lago, Le Parisien Bistrot, Nau, Papp\u00e1 Cuccina, Sagrado Mar, Sant\u00e9 13 e Sant\u00e9 Lago, Ticiana Werner, Trattoria da Rosario, Villa Vita e Vittoria d\u2019It\u00e1lia.<\/p>\n<p>Consulte o hor\u00e1rio de funcionamento de cada estabelecimento.<\/p>\n","protected":false},"excerpt":{"rendered":"<p>O festival gastron\u00f4mico Pasta Week iniciado no \u00faltimo dia 24 na capital federal ter\u00e1 mais uma semana para ser apreciado pelo p\u00fablico brasiliense. Previsto para ser encerrado no dia 29, o evento se estende at\u00e9 6 de novembro. A programa\u00e7\u00e3o conta com 20 restaurantes e bistr\u00f4s que apresentam pratos exclusivos em que o macarr\u00e3o \u00e9 o grande destaque. H\u00e1 massas [&hellip;]<\/p>\n","protected":false},"author":54,"featured_media":6351,"comment_status":"open","ping_status":"open","sticky":false,"template":"","format":"standard","meta":{"footnotes":""},"categories":[201],"tags":[635],"class_list":["post-6350","post","type-post","status-publish","format-standard","has-post-thumbnail","hentry","category-festival","tag-pasta-week"],"_links":{"self":[{"href":"https:\/\/blogs.correiobraziliense.com.br\/lianasabo\/wp-json\/wp\/v2\/posts\/6350","targetHints":{"allow":["GET"]}}],"collection":[{"href":"https:\/\/blogs.correiobraziliense.com.br\/lianasabo\/wp-json\/wp\/v2\/posts"}],"about":[{"href":"https:\/\/blogs.correiobraziliense.com.br\/lianasabo\/wp-json\/wp\/v2\/types\/post"}],"author":[{"embeddable":true,"href":"https:\/\/blogs.correiobraziliense.com.br\/lianasabo\/wp-json\/wp\/v2\/users\/54"}],"replies":[{"embeddable":true,"href":"https:\/\/blogs.correiobraziliense.com.br\/lianasabo\/wp-json\/wp\/v2\/comments?post=6350"}],"version-history":[{"count":1,"href":"https:\/\/blogs.correiobraziliense.com.br\/lianasabo\/wp-json\/wp\/v2\/posts\/6350\/revisions"}],"predecessor-version":[{"id":6352,"href":"https:\/\/blogs.correiobraziliense.com.br\/lianasabo\/wp-json\/wp\/v2\/posts\/6350\/revisions\/6352"}],"wp:featuredmedia":[{"embeddable":true,"href":"https:\/\/blogs.correiobraziliense.com.br\/lianasabo\/wp-json\/wp\/v2\/media\/6351"}],"wp:attachment":[{"href":"https:\/\/blogs.correiobraziliense.com.br\/lianasabo\/wp-json\/wp\/v2\/media?parent=6350"}],"wp:term":[{"taxonomy":"category","embeddable":true,"href":"https:\/\/blogs.correiobraziliense.com.br\/lianasabo\/wp-json\/wp\/v2\/categories?post=6350"},{"taxonomy":"post_tag","embeddable":true,"href":"https:\/\/blogs.correiobraziliense.com.br\/lianasabo\/wp-json\/wp\/v2\/tags?post=6350"}],"curies":[{"name":"wp","href":"https:\/\/api.w.org\/{rel}","templated":true}]}}