{"id":6338,"date":"2022-10-28T06:24:06","date_gmt":"2022-10-28T09:24:06","guid":{"rendered":"https:\/\/blogs.correiobraziliense.com.br\/lianasabo\/?p=6338"},"modified":"2022-10-27T20:30:10","modified_gmt":"2022-10-27T23:30:10","slug":"festival-de-bar-em-bar-segue-ate-13-de-novembro","status":"publish","type":"post","link":"https:\/\/blogs.correiobraziliense.com.br\/lianasabo\/festival-de-bar-em-bar-segue-ate-13-de-novembro\/","title":{"rendered":"Festival de Bar em Bar segue at\u00e9 13 de novembro"},"content":{"rendered":"<p>Come\u00e7ou ter\u00e7a e vai at\u00e9 13 de novembro o Festival Bar em Bar, que durante 18 dias oferece petiscos especiais servidos em 50 estabelecimentos do Distrito Federal numa iniciativa da Associa\u00e7\u00e3o Brasileira de Bares e Restaurantes (Abrasel). Tendo como tema \u201cA melhor por\u00e7\u00e3o do Brasil\u201d, o evento busca celebrar a vida e o retorno dos clientes \u00e0s mesas e aos balc\u00f5es. Diferente das receitas usuais, o card\u00e1pio pratica duas faixas de pre\u00e7o: R$ 39 ou R$ 49, de acordo com o prato criado pelo restaurante. Mais informa\u00e7\u00f5es no site: <a href=\"http:\/\/www.barembar.com.br\">www.barembar.com.br.<\/a><\/p>\n","protected":false},"excerpt":{"rendered":"<p>Come\u00e7ou ter\u00e7a e vai at\u00e9 13 de novembro o Festival Bar em Bar, que durante 18 dias oferece petiscos especiais servidos em 50 estabelecimentos do Distrito Federal numa iniciativa da Associa\u00e7\u00e3o Brasileira de Bares e Restaurantes (Abrasel). Tendo como tema \u201cA melhor por\u00e7\u00e3o do Brasil\u201d, o evento busca celebrar a vida e o retorno dos clientes \u00e0s mesas e aos [&hellip;]<\/p>\n","protected":false},"author":54,"featured_media":6339,"comment_status":"open","ping_status":"open","sticky":false,"template":"","format":"standard","meta":{"footnotes":""},"categories":[201],"tags":[634],"class_list":["post-6338","post","type-post","status-publish","format-standard","has-post-thumbnail","hentry","category-festival","tag-festival-bar-em-bar"],"_links":{"self":[{"href":"https:\/\/blogs.correiobraziliense.com.br\/lianasabo\/wp-json\/wp\/v2\/posts\/6338","targetHints":{"allow":["GET"]}}],"collection":[{"href":"https:\/\/blogs.correiobraziliense.com.br\/lianasabo\/wp-json\/wp\/v2\/posts"}],"about":[{"href":"https:\/\/blogs.correiobraziliense.com.br\/lianasabo\/wp-json\/wp\/v2\/types\/post"}],"author":[{"embeddable":true,"href":"https:\/\/blogs.correiobraziliense.com.br\/lianasabo\/wp-json\/wp\/v2\/users\/54"}],"replies":[{"embeddable":true,"href":"https:\/\/blogs.correiobraziliense.com.br\/lianasabo\/wp-json\/wp\/v2\/comments?post=6338"}],"version-history":[{"count":1,"href":"https:\/\/blogs.correiobraziliense.com.br\/lianasabo\/wp-json\/wp\/v2\/posts\/6338\/revisions"}],"predecessor-version":[{"id":6340,"href":"https:\/\/blogs.correiobraziliense.com.br\/lianasabo\/wp-json\/wp\/v2\/posts\/6338\/revisions\/6340"}],"wp:featuredmedia":[{"embeddable":true,"href":"https:\/\/blogs.correiobraziliense.com.br\/lianasabo\/wp-json\/wp\/v2\/media\/6339"}],"wp:attachment":[{"href":"https:\/\/blogs.correiobraziliense.com.br\/lianasabo\/wp-json\/wp\/v2\/media?parent=6338"}],"wp:term":[{"taxonomy":"category","embeddable":true,"href":"https:\/\/blogs.correiobraziliense.com.br\/lianasabo\/wp-json\/wp\/v2\/categories?post=6338"},{"taxonomy":"post_tag","embeddable":true,"href":"https:\/\/blogs.correiobraziliense.com.br\/lianasabo\/wp-json\/wp\/v2\/tags?post=6338"}],"curies":[{"name":"wp","href":"https:\/\/api.w.org\/{rel}","templated":true}]}}