{"id":6319,"date":"2022-10-25T11:00:15","date_gmt":"2022-10-25T14:00:15","guid":{"rendered":"https:\/\/blogs.correiobraziliense.com.br\/lianasabo\/?p=6319"},"modified":"2022-10-25T11:00:15","modified_gmt":"2022-10-25T14:00:15","slug":"mais-uma-edicao-da-panela-candanga-no-casapark","status":"publish","type":"post","link":"https:\/\/blogs.correiobraziliense.com.br\/lianasabo\/mais-uma-edicao-da-panela-candanga-no-casapark\/","title":{"rendered":"Mais uma edi\u00e7\u00e3o da Panela Candanga no Casapark"},"content":{"rendered":"<p>De 27 a 30 de outubro, o Casapark recebe a tradicional feira Panela Candanga, na Pra\u00e7a Central do shopping. O evento, que ser\u00e1 a \u00faltima edi\u00e7\u00e3o do ano, re\u00fane 24 expositores com produtos artesanais de quinta a s\u00e1bado, das 12h \u00e0s 21h30, e no domingo, das 12h \u00e0s 20h. A entrada \u00e9 gratuita.<\/p>\n<p>Durante os quatro dias, os visitantes poder\u00e3o apreciar produtos como p\u00e3es especiais, caf\u00e9s artesanais locais, queijos de origem, linguic\u0327as, defumados e geleias. Est\u00e3o confirmadas as participa\u00e7\u00f5es dos seguintes expositores: Dona Cebola, Costumes Argentinas, Chef David Lemberger &#8211; Caramelos Belgas, Wanna Brie &#8211; Queijaria Viva Vegetal, Ad\u00ea Culin\u00e1ria Saud\u00e1vel, Goy\u00e1s Defumados, Emp\u00f3rio Capital, Eva Do\u00e7aria Vegana, Api\u00e1rio dos Sonhos, L\u00e9o Cacau Gourmet, Cake &amp; Health, Pudim dos Anjos, Brownie Experience, Moncloa Ch\u00e1s, Molhos Artesanais Curitiba, Corina Cervejaria, Colmanetti Pani Speciali, Quitandas da V\u00f3 Maria, Pitita Alimentos, Wine Day, Quero Pipoca Gourmet, Doce Tenta\u00e7\u00e3o, Peperoncino Casa e Queen of Peppers.<\/p>\n<p><strong>Servi\u00e7o<\/strong><\/p>\n<p><strong>Panela Candanga<\/strong><\/p>\n<p>Pra\u00e7a Central do Casapark (SGCV Lote 22, Bras\u00edlia \u2013 DF). De 27 a 30 de maio. Quinta a s\u00e1bado, das 12h \u00e0s 21h30; e domingo, das 12h \u00e0s 20h. Entrada gratuita. Classifica\u00e7\u00e3o indicativa livre.<\/p>\n","protected":false},"excerpt":{"rendered":"<p>De 27 a 30 de outubro, o Casapark recebe a tradicional feira Panela Candanga, na Pra\u00e7a Central do shopping. O evento, que ser\u00e1 a \u00faltima edi\u00e7\u00e3o do ano, re\u00fane 24 expositores com produtos artesanais de quinta a s\u00e1bado, das 12h \u00e0s 21h30, e no domingo, das 12h \u00e0s 20h. A entrada \u00e9 gratuita. Durante os quatro dias, os visitantes poder\u00e3o [&hellip;]<\/p>\n","protected":false},"author":54,"featured_media":6320,"comment_status":"open","ping_status":"open","sticky":false,"template":"","format":"standard","meta":{"footnotes":""},"categories":[486],"tags":[448,36],"class_list":["post-6319","post","type-post","status-publish","format-standard","has-post-thumbnail","hentry","category-evento","tag-feira","tag-panela-candanga"],"_links":{"self":[{"href":"https:\/\/blogs.correiobraziliense.com.br\/lianasabo\/wp-json\/wp\/v2\/posts\/6319","targetHints":{"allow":["GET"]}}],"collection":[{"href":"https:\/\/blogs.correiobraziliense.com.br\/lianasabo\/wp-json\/wp\/v2\/posts"}],"about":[{"href":"https:\/\/blogs.correiobraziliense.com.br\/lianasabo\/wp-json\/wp\/v2\/types\/post"}],"author":[{"embeddable":true,"href":"https:\/\/blogs.correiobraziliense.com.br\/lianasabo\/wp-json\/wp\/v2\/users\/54"}],"replies":[{"embeddable":true,"href":"https:\/\/blogs.correiobraziliense.com.br\/lianasabo\/wp-json\/wp\/v2\/comments?post=6319"}],"version-history":[{"count":1,"href":"https:\/\/blogs.correiobraziliense.com.br\/lianasabo\/wp-json\/wp\/v2\/posts\/6319\/revisions"}],"predecessor-version":[{"id":6321,"href":"https:\/\/blogs.correiobraziliense.com.br\/lianasabo\/wp-json\/wp\/v2\/posts\/6319\/revisions\/6321"}],"wp:featuredmedia":[{"embeddable":true,"href":"https:\/\/blogs.correiobraziliense.com.br\/lianasabo\/wp-json\/wp\/v2\/media\/6320"}],"wp:attachment":[{"href":"https:\/\/blogs.correiobraziliense.com.br\/lianasabo\/wp-json\/wp\/v2\/media?parent=6319"}],"wp:term":[{"taxonomy":"category","embeddable":true,"href":"https:\/\/blogs.correiobraziliense.com.br\/lianasabo\/wp-json\/wp\/v2\/categories?post=6319"},{"taxonomy":"post_tag","embeddable":true,"href":"https:\/\/blogs.correiobraziliense.com.br\/lianasabo\/wp-json\/wp\/v2\/tags?post=6319"}],"curies":[{"name":"wp","href":"https:\/\/api.w.org\/{rel}","templated":true}]}}