{"id":6310,"date":"2022-10-21T06:46:35","date_gmt":"2022-10-21T09:46:35","guid":{"rendered":"https:\/\/blogs.correiobraziliense.com.br\/lianasabo\/?p=6310"},"modified":"2022-10-21T06:46:35","modified_gmt":"2022-10-21T09:46:35","slug":"o-que-abriu-cinco-novos-enderecos-gastronomicos-na-cidade","status":"publish","type":"post","link":"https:\/\/blogs.correiobraziliense.com.br\/lianasabo\/o-que-abriu-cinco-novos-enderecos-gastronomicos-na-cidade\/","title":{"rendered":"O que abriu: Cinco novos endere\u00e7os gastron\u00f4micos na cidade"},"content":{"rendered":"<p>De uma tacada s\u00f3, ocorrida nesses dias, o brasiliense ganha cinco endere\u00e7os gastron\u00f4micos de op\u00e7\u00f5es t\u00e3o distintas quanto as culin\u00e1rias apresentadas. E o melhor, elas se distribuem por todos os cantos, a come\u00e7ar pelo centro do quadrado:<\/p>\n<figure id=\"attachment_6145\" aria-describedby=\"caption-attachment-6145\" style=\"width: 500px\" class=\"wp-caption aligncenter\"><a href=\"https:\/\/blogs.correiobraziliense.com.br\/lianasabo\/wp-content\/uploads\/sites\/25\/2022\/09\/bb818e20-0ac3-45e5-9fe5-b6abb82d03a5.jpg\"><img loading=\"lazy\" decoding=\"async\" class=\"wp-image-6145\" src=\"https:\/\/blogs.correiobraziliense.com.br\/lianasabo\/wp-content\/uploads\/sites\/25\/2022\/09\/bb818e20-0ac3-45e5-9fe5-b6abb82d03a5.jpg\" alt=\"\" width=\"500\" height=\"459\" srcset=\"https:\/\/blogs.correiobraziliense.com.br\/lianasabo\/wp-content\/uploads\/sites\/25\/2022\/09\/bb818e20-0ac3-45e5-9fe5-b6abb82d03a5.jpg 958w, https:\/\/blogs.correiobraziliense.com.br\/lianasabo\/wp-content\/uploads\/sites\/25\/2022\/09\/bb818e20-0ac3-45e5-9fe5-b6abb82d03a5-300x275.jpg 300w, https:\/\/blogs.correiobraziliense.com.br\/lianasabo\/wp-content\/uploads\/sites\/25\/2022\/09\/bb818e20-0ac3-45e5-9fe5-b6abb82d03a5-768x705.jpg 768w, https:\/\/blogs.correiobraziliense.com.br\/lianasabo\/wp-content\/uploads\/sites\/25\/2022\/09\/bb818e20-0ac3-45e5-9fe5-b6abb82d03a5-800x734.jpg 800w, https:\/\/blogs.correiobraziliense.com.br\/lianasabo\/wp-content\/uploads\/sites\/25\/2022\/09\/bb818e20-0ac3-45e5-9fe5-b6abb82d03a5-550x505.jpg 550w, https:\/\/blogs.correiobraziliense.com.br\/lianasabo\/wp-content\/uploads\/sites\/25\/2022\/09\/bb818e20-0ac3-45e5-9fe5-b6abb82d03a5-230x211.jpg 230w\" sizes=\"auto, (max-width: 500px) 100vw, 500px\" \/><\/a><figcaption id=\"caption-attachment-6145\" class=\"wp-caption-text\">P\u00e3es est\u00e3o no card\u00e1pio da Casa Almeria. Cr\u00e9dito: Vila Almeria\/Divulga\u00e7\u00e3o<\/figcaption><\/figure>\n<p>Casa Almeria, na esquina (de cima) da 104 Sul, o aguardado mix de padaria e restaurante abriu as portas h\u00e1 uma semana com menu de prepara\u00e7\u00f5es leves, como omelete, sandu\u00edche, tapioca, toasts e cuscuz marroquino. Card\u00e1pio de almo\u00e7o ser\u00e1 oferecido em novembro. Funciona de ter\u00e7a a domingo, das 9h \u00e0s 20h.<\/p>\n<p>Villa Boechat, no Parque Granja do Torto, serve carnes assadas na brasa como bisteca su\u00edna, coxa e sobrecoxa de frango, picanha, fraldinha, brisquet defumado, costelinha de cordeiro, lingui\u00e7a, rabada ao molho de vinho (R$ 129,90 para duas pessoas) \u00e0s sextas; feijoada aos s\u00e1bados (R$ 119) e costel\u00e3o no fogo de ch\u00e3o e carreteiro (R$ 149) aos domingos. Funciona de quarta a sexta, a partir das 18h, s\u00e1bado, almo\u00e7o e jantar e domingo s\u00f3 at\u00e9 \u00e0s 18h.<\/p>\n<figure id=\"attachment_6313\" aria-describedby=\"caption-attachment-6313\" style=\"width: 800px\" class=\"wp-caption aligncenter\"><a href=\"https:\/\/blogs.correiobraziliense.com.br\/lianasabo\/wp-content\/uploads\/sites\/25\/2022\/10\/CARR\u00c9-DE-CORDEIRO-FRANC\u00caS-_Servido-com-pur\u00ea-de-batata-crispy-de-batata-doce-molho-de-vinho-tinto-e-gremolata-com-hortel\u00e3.-.jpeg\"><img loading=\"lazy\" decoding=\"async\" class=\"size-full wp-image-6313\" src=\"https:\/\/blogs.correiobraziliense.com.br\/lianasabo\/wp-content\/uploads\/sites\/25\/2022\/10\/CARR\u00c9-DE-CORDEIRO-FRANC\u00caS-_Servido-com-pur\u00ea-de-batata-crispy-de-batata-doce-molho-de-vinho-tinto-e-gremolata-com-hortel\u00e3.-.jpeg\" alt=\"\" width=\"800\" height=\"533\" srcset=\"https:\/\/blogs.correiobraziliense.com.br\/lianasabo\/wp-content\/uploads\/sites\/25\/2022\/10\/CARR\u00c9-DE-CORDEIRO-FRANC\u00caS-_Servido-com-pur\u00ea-de-batata-crispy-de-batata-doce-molho-de-vinho-tinto-e-gremolata-com-hortel\u00e3.-.jpeg 800w, https:\/\/blogs.correiobraziliense.com.br\/lianasabo\/wp-content\/uploads\/sites\/25\/2022\/10\/CARR\u00c9-DE-CORDEIRO-FRANC\u00caS-_Servido-com-pur\u00ea-de-batata-crispy-de-batata-doce-molho-de-vinho-tinto-e-gremolata-com-hortel\u00e3.--300x200.jpeg 300w, https:\/\/blogs.correiobraziliense.com.br\/lianasabo\/wp-content\/uploads\/sites\/25\/2022\/10\/CARR\u00c9-DE-CORDEIRO-FRANC\u00caS-_Servido-com-pur\u00ea-de-batata-crispy-de-batata-doce-molho-de-vinho-tinto-e-gremolata-com-hortel\u00e3.--768x512.jpeg 768w, https:\/\/blogs.correiobraziliense.com.br\/lianasabo\/wp-content\/uploads\/sites\/25\/2022\/10\/CARR\u00c9-DE-CORDEIRO-FRANC\u00caS-_Servido-com-pur\u00ea-de-batata-crispy-de-batata-doce-molho-de-vinho-tinto-e-gremolata-com-hortel\u00e3.--550x366.jpeg 550w, https:\/\/blogs.correiobraziliense.com.br\/lianasabo\/wp-content\/uploads\/sites\/25\/2022\/10\/CARR\u00c9-DE-CORDEIRO-FRANC\u00caS-_Servido-com-pur\u00ea-de-batata-crispy-de-batata-doce-molho-de-vinho-tinto-e-gremolata-com-hortel\u00e3.--230x153.jpeg 230w\" sizes=\"auto, (max-width: 800px) 100vw, 800px\" \/><\/a><figcaption id=\"caption-attachment-6313\" class=\"wp-caption-text\">Steak Bull Prime: Carr\u00e9 de cordeiro franc\u00eas servido com pur\u00ea de batata crispy de batata doce, molho de vinho tinto e gremolata com hortel\u00e3. Cr\u00e9dito: Gustavo Carvalho\/Divulga\u00e7\u00e3o<\/figcaption><\/figure>\n<p>No lugar onde o Bierfass fez hist\u00f3ria h\u00e1 mais de 40 anos, surge na QI 5 do Lago Sul, a Steak Bull Prime, terceira opera\u00e7\u00e3o do Grupo Oliveira, que al\u00e9m da carne de primeira na parrilla serve massas frescas, pizzas e menu executivo de segunda a sexta. Feijoada dispon\u00edvel sexta e s\u00e1bado. Domingo funciona de segunda a s\u00e1bado, de 11h \u00e0s 23h30 e domingo, de 11h \u00e0s 22h. Telefone: 99972-6757.<\/p>\n<p>Quiosque do Lugui, no Bloco A da 412 Sul, oferece bolinhos de bacalhau, ab\u00f3bora com camar\u00e3o, calabresa defumada e queijo e de feijoada para acompanhar o chope artesanal puro malte e muito cremoso que \u00e9 o trunfo da franquia. Tamb\u00e9m tem parmegiana de frango ou carne com molho de tomate, queijo e salsa.<\/p>\n<p>Swift, no Gilberto Salom\u00e3o, traz o primeiro restaurante da rede no Brasil e o segundo ser\u00e1 em Goi\u00e2nia. Fica no fundo da loja e opera com card\u00e1pio, onde despontam os cortes grelhados de bovino, galeto, salm\u00e3o, cordeiro, pescada amarela no molho de moqueca e porchetta assados na parrilla. Funciona de ter\u00e7a a s\u00e1bado, das 11h30 \u00e0s 23h. Domingo e feriado das 11h30 \u00e0s 17h.<\/p>\n","protected":false},"excerpt":{"rendered":"<p>De uma tacada s\u00f3, ocorrida nesses dias, o brasiliense ganha cinco endere\u00e7os gastron\u00f4micos de op\u00e7\u00f5es t\u00e3o distintas quanto as culin\u00e1rias apresentadas. E o melhor, elas se distribuem por todos os cantos, a come\u00e7ar pelo centro do quadrado: Casa Almeria, na esquina (de cima) da 104 Sul, o aguardado mix de padaria e restaurante abriu as portas h\u00e1 uma semana com [&hellip;]<\/p>\n","protected":false},"author":54,"featured_media":6311,"comment_status":"open","ping_status":"open","sticky":false,"template":"","format":"standard","meta":{"footnotes":""},"categories":[326],"tags":[423,629,630],"class_list":["post-6310","post","type-post","status-publish","format-standard","has-post-thumbnail","hentry","category-restaurantes","tag-casa-almeria","tag-steak-prime","tag-swift"],"_links":{"self":[{"href":"https:\/\/blogs.correiobraziliense.com.br\/lianasabo\/wp-json\/wp\/v2\/posts\/6310","targetHints":{"allow":["GET"]}}],"collection":[{"href":"https:\/\/blogs.correiobraziliense.com.br\/lianasabo\/wp-json\/wp\/v2\/posts"}],"about":[{"href":"https:\/\/blogs.correiobraziliense.com.br\/lianasabo\/wp-json\/wp\/v2\/types\/post"}],"author":[{"embeddable":true,"href":"https:\/\/blogs.correiobraziliense.com.br\/lianasabo\/wp-json\/wp\/v2\/users\/54"}],"replies":[{"embeddable":true,"href":"https:\/\/blogs.correiobraziliense.com.br\/lianasabo\/wp-json\/wp\/v2\/comments?post=6310"}],"version-history":[{"count":1,"href":"https:\/\/blogs.correiobraziliense.com.br\/lianasabo\/wp-json\/wp\/v2\/posts\/6310\/revisions"}],"predecessor-version":[{"id":6314,"href":"https:\/\/blogs.correiobraziliense.com.br\/lianasabo\/wp-json\/wp\/v2\/posts\/6310\/revisions\/6314"}],"wp:featuredmedia":[{"embeddable":true,"href":"https:\/\/blogs.correiobraziliense.com.br\/lianasabo\/wp-json\/wp\/v2\/media\/6311"}],"wp:attachment":[{"href":"https:\/\/blogs.correiobraziliense.com.br\/lianasabo\/wp-json\/wp\/v2\/media?parent=6310"}],"wp:term":[{"taxonomy":"category","embeddable":true,"href":"https:\/\/blogs.correiobraziliense.com.br\/lianasabo\/wp-json\/wp\/v2\/categories?post=6310"},{"taxonomy":"post_tag","embeddable":true,"href":"https:\/\/blogs.correiobraziliense.com.br\/lianasabo\/wp-json\/wp\/v2\/tags?post=6310"}],"curies":[{"name":"wp","href":"https:\/\/api.w.org\/{rel}","templated":true}]}}