{"id":6297,"date":"2022-10-14T06:45:50","date_gmt":"2022-10-14T09:45:50","guid":{"rendered":"https:\/\/blogs.correiobraziliense.com.br\/lianasabo\/?p=6297"},"modified":"2022-10-13T21:05:02","modified_gmt":"2022-10-14T00:05:02","slug":"renata-la-porta-lanca-menu-da-copa-do-mundo","status":"publish","type":"post","link":"https:\/\/blogs.correiobraziliense.com.br\/lianasabo\/renata-la-porta-lanca-menu-da-copa-do-mundo\/","title":{"rendered":"Renata La Porta lan\u00e7a menu da Copa do Mundo"},"content":{"rendered":"<p>A chef Renata La Porta aproveita a festa de entrega do 17\u00ba Pr\u00eamio Engenho de Comunica\u00e7\u00e3o, conhecido pelo slogan \u201co dia em que o jornalista vira not\u00edcia\u201d, criado por K\u00e1tia Cubel, para lan\u00e7ar no dia 25 de outubro o menu da Copa do Mundo no Catar, que mescla a gastronomia do Brasil com influ\u00eancias dos pa\u00edses advers\u00e1rios no certame. Saladas decoradas com flores e frutas, dadinhos de tapioca, bacalhau empanado na tapioca com mostarda ind\u00edgena, past\u00e9is de vento com bob\u00f3 de camar\u00e3o, ceviches e espetinhos fazem parte do card\u00e1pio.<\/p>\n<p>\u201cServirei um arroz de pato com lingui\u00e7a portuguesa e crisps de couve e nhoque de batata roxa recheado com nozes em fonduta de roquefort com pera caramelizada entre os pratos quentes\u201d, adianta a chef, que completar\u00e1 as sugest\u00f5es com a banoffee de banana. Encomendas pelo 99644-2735 (whatsapp).<\/p>\n","protected":false},"excerpt":{"rendered":"<p>A chef Renata La Porta aproveita a festa de entrega do 17\u00ba Pr\u00eamio Engenho de Comunica\u00e7\u00e3o, conhecido pelo slogan \u201co dia em que o jornalista vira not\u00edcia\u201d, criado por K\u00e1tia Cubel, para lan\u00e7ar no dia 25 de outubro o menu da Copa do Mundo no Catar, que mescla a gastronomia do Brasil com influ\u00eancias dos pa\u00edses advers\u00e1rios no certame. Saladas [&hellip;]<\/p>\n","protected":false},"author":54,"featured_media":6298,"comment_status":"open","ping_status":"open","sticky":false,"template":"","format":"standard","meta":{"footnotes":""},"categories":[320],"tags":[624,625,112],"class_list":["post-6297","post","type-post","status-publish","format-standard","has-post-thumbnail","hentry","category-culinaria-internacional","tag-copa-do-mundo","tag-qatar","tag-renata-la-porta"],"_links":{"self":[{"href":"https:\/\/blogs.correiobraziliense.com.br\/lianasabo\/wp-json\/wp\/v2\/posts\/6297","targetHints":{"allow":["GET"]}}],"collection":[{"href":"https:\/\/blogs.correiobraziliense.com.br\/lianasabo\/wp-json\/wp\/v2\/posts"}],"about":[{"href":"https:\/\/blogs.correiobraziliense.com.br\/lianasabo\/wp-json\/wp\/v2\/types\/post"}],"author":[{"embeddable":true,"href":"https:\/\/blogs.correiobraziliense.com.br\/lianasabo\/wp-json\/wp\/v2\/users\/54"}],"replies":[{"embeddable":true,"href":"https:\/\/blogs.correiobraziliense.com.br\/lianasabo\/wp-json\/wp\/v2\/comments?post=6297"}],"version-history":[{"count":1,"href":"https:\/\/blogs.correiobraziliense.com.br\/lianasabo\/wp-json\/wp\/v2\/posts\/6297\/revisions"}],"predecessor-version":[{"id":6299,"href":"https:\/\/blogs.correiobraziliense.com.br\/lianasabo\/wp-json\/wp\/v2\/posts\/6297\/revisions\/6299"}],"wp:featuredmedia":[{"embeddable":true,"href":"https:\/\/blogs.correiobraziliense.com.br\/lianasabo\/wp-json\/wp\/v2\/media\/6298"}],"wp:attachment":[{"href":"https:\/\/blogs.correiobraziliense.com.br\/lianasabo\/wp-json\/wp\/v2\/media?parent=6297"}],"wp:term":[{"taxonomy":"category","embeddable":true,"href":"https:\/\/blogs.correiobraziliense.com.br\/lianasabo\/wp-json\/wp\/v2\/categories?post=6297"},{"taxonomy":"post_tag","embeddable":true,"href":"https:\/\/blogs.correiobraziliense.com.br\/lianasabo\/wp-json\/wp\/v2\/tags?post=6297"}],"curies":[{"name":"wp","href":"https:\/\/api.w.org\/{rel}","templated":true}]}}