{"id":6281,"date":"2022-10-13T06:31:16","date_gmt":"2022-10-13T09:31:16","guid":{"rendered":"https:\/\/blogs.correiobraziliense.com.br\/lianasabo\/?p=6281"},"modified":"2022-10-12T20:33:40","modified_gmt":"2022-10-12T23:33:40","slug":"festival-chef-mirim-leva-gastronomia-aos-alunos-da-rede-publica-do-df","status":"publish","type":"post","link":"https:\/\/blogs.correiobraziliense.com.br\/lianasabo\/festival-chef-mirim-leva-gastronomia-aos-alunos-da-rede-publica-do-df\/","title":{"rendered":"Festival Chef Mirim leva gastronomia aos alunos da rede p\u00fablica do DF"},"content":{"rendered":"<p>At\u00e9 12 de novembro, o Distrito Federal ser\u00e1 palco do Festival Chef Mirim. O evento promove oficinas de capacita\u00e7\u00e3o gratuita para crian\u00e7as entre 10 e 14 anos, que sejam estudantes da rede p\u00fablica de ensino do Distrito Federal. Inscri\u00e7\u00f5es pelo sito:\u00a0<a href=\"https:\/\/festivalchefmirim.com.br\/\">https:\/\/festivalchefmirim.com.br\/<\/a>. \u00c9 obrigat\u00f3rio apresentar uma declara\u00e7\u00e3o de matr\u00edcula do ano de 2022 emitida pela secretaria escolar do aluno.<\/p>\n<p>As oficinas ocorrer\u00e3o entre sempre aos s\u00e1bados das 9h as 13h, no Instituto Gourmet Asa Sul, localizado na 507 Sul Bloco C (entrada pela W2 Sul). Para auxiliar os alunos, ser\u00e1 ofertada ajuda de custo de vale transporte para o deslocamento at\u00e9 o local da oficina. Ser\u00e3o seis turmas com carga hor\u00e1ria de quatro horas e capacidade para at\u00e9 12 alunos, sendo duas para pessoas com defici\u00eancia. Ao todo, mais de 60 alunos poder\u00e3o ser capacitados durante seis oficinas.<\/p>\n<p>Cada aluno inscrito receber\u00e1 um manual de receitas com instru\u00e7\u00f5es e orienta\u00e7\u00f5es sobre o manejo dos intrumentos de cozinha, t\u00e9cnicas de coc\u00e7\u00e3o e de cortes de alimentos e com contextualiza\u00e7\u00e3o dos saberes gastron\u00f4micos das receitas produzidas na oficina. Ao fim do curso, os estudantes receber\u00e3o certificado de participa\u00e7\u00e3o.<\/p>\n<p>A equipe pedag\u00f3gica do projeto contam com chefs e nutricinistas renomados em Bras\u00edlia: Fl\u00e1via Nascimento, Isabela Diniz, Inai\u00e1 Santan\u2019a, Bruna Parente, Roseli Zerbinato e Henrique Cavalcanti.<\/p>\n<p><strong>Confira a programa\u00e7\u00e3o<\/strong><\/p>\n<p><strong>2\u00aa Oficina de Saberes Gastron\u00f4micos:<\/strong><br \/>\nChef Fl\u00e1via Nascimento. Em 15\/10\/2022, das 9h \u00e0s 13h. Receitas: Acaraj\u00e9 e cocada.<\/p>\n<p><strong>3\u00aa Oficina de Gastronomia Saud\u00e1vel:<\/strong><br \/>\nChef Inaia Santan&#8217;a. Em 22\/10\/2022, das 9h \u00e0s 13h. Receitas: Caldo de ab\u00f3bora, omelete de r\u00facula com tomate e bolo de chocolate 0 gluten.<\/p>\n<p><strong>4\u00aa Oficina de Comidas T\u00edpicas:<\/strong><br \/>\nChef Isabela Diniz. Em 29\/10\/2022, das 9h \u00e0s 13h. Receitas: Arroz Carreteiro e brigadeiro.<\/p>\n<p><strong>5\u00aa Oficina de Comidas T\u00edpicas:<\/strong><br \/>\nChef Fl\u00e1via Nascimento. Em 5\/11\/2022, das 9h \u00e0s 13h. Receitas: Moqueca de peixe e pudim.<\/p>\n<p><strong>6\u00aa Oficina de Comidas do Cerrado:<\/strong><br \/>\nChef Inai\u00e1 Santan\u2019a. Em 12\/11\/2022, das 9h \u00e0s 13h. Receitas: Estrogonofe de frango com molho de tomate e leite de baru e Mousse de frutas do cerrado.<\/p>\n","protected":false},"excerpt":{"rendered":"<p>At\u00e9 12 de novembro, o Distrito Federal ser\u00e1 palco do Festival Chef Mirim. O evento promove oficinas de capacita\u00e7\u00e3o gratuita para crian\u00e7as entre 10 e 14 anos, que sejam estudantes da rede p\u00fablica de ensino do Distrito Federal. Inscri\u00e7\u00f5es pelo sito:\u00a0https:\/\/festivalchefmirim.com.br\/. \u00c9 obrigat\u00f3rio apresentar uma declara\u00e7\u00e3o de matr\u00edcula do ano de 2022 emitida pela secretaria escolar do aluno. As oficinas [&hellip;]<\/p>\n","protected":false},"author":54,"featured_media":6282,"comment_status":"open","ping_status":"open","sticky":false,"template":"","format":"standard","meta":{"footnotes":""},"categories":[476],"tags":[232,615,37,617,616],"class_list":["post-6281","post","type-post","status-publish","format-standard","has-post-thumbnail","hentry","category-curso","tag-curso","tag-festival-chef-mirim","tag-gastronomia","tag-infantil","tag-oficina"],"_links":{"self":[{"href":"https:\/\/blogs.correiobraziliense.com.br\/lianasabo\/wp-json\/wp\/v2\/posts\/6281","targetHints":{"allow":["GET"]}}],"collection":[{"href":"https:\/\/blogs.correiobraziliense.com.br\/lianasabo\/wp-json\/wp\/v2\/posts"}],"about":[{"href":"https:\/\/blogs.correiobraziliense.com.br\/lianasabo\/wp-json\/wp\/v2\/types\/post"}],"author":[{"embeddable":true,"href":"https:\/\/blogs.correiobraziliense.com.br\/lianasabo\/wp-json\/wp\/v2\/users\/54"}],"replies":[{"embeddable":true,"href":"https:\/\/blogs.correiobraziliense.com.br\/lianasabo\/wp-json\/wp\/v2\/comments?post=6281"}],"version-history":[{"count":1,"href":"https:\/\/blogs.correiobraziliense.com.br\/lianasabo\/wp-json\/wp\/v2\/posts\/6281\/revisions"}],"predecessor-version":[{"id":6283,"href":"https:\/\/blogs.correiobraziliense.com.br\/lianasabo\/wp-json\/wp\/v2\/posts\/6281\/revisions\/6283"}],"wp:featuredmedia":[{"embeddable":true,"href":"https:\/\/blogs.correiobraziliense.com.br\/lianasabo\/wp-json\/wp\/v2\/media\/6282"}],"wp:attachment":[{"href":"https:\/\/blogs.correiobraziliense.com.br\/lianasabo\/wp-json\/wp\/v2\/media?parent=6281"}],"wp:term":[{"taxonomy":"category","embeddable":true,"href":"https:\/\/blogs.correiobraziliense.com.br\/lianasabo\/wp-json\/wp\/v2\/categories?post=6281"},{"taxonomy":"post_tag","embeddable":true,"href":"https:\/\/blogs.correiobraziliense.com.br\/lianasabo\/wp-json\/wp\/v2\/tags?post=6281"}],"curies":[{"name":"wp","href":"https:\/\/api.w.org\/{rel}","templated":true}]}}